{"id":14185,"date":"2012-09-15T17:37:28","date_gmt":"2012-09-15T15:37:28","guid":{"rendered":"https:\/\/ljportal.com\/arhiva\/2012\/09\/15\/foto-dan-starih-i-nemocnih-u-studencima\/"},"modified":"2012-09-15T17:37:28","modified_gmt":"2012-09-15T15:37:28","slug":"foto-dan-starih-i-nemocnih-u-studencima","status":"publish","type":"post","link":"https:\/\/ljportal.com\/arhiva\/foto-dan-starih-i-nemocnih-u-studencima\/","title":{"rendered":"FOTO: Dan starih i nemo\u0107nih u Studencima"},"content":{"rendered":"<div style=\"text-align: justify;\" \/>U nedjelju, 9. rujna, u na\u0161oj \u017eupi obilje\u017eili smo Dan starih i nemo\u0107nih. Svake godine po\u010detkom rujna rezerviramo nedjelju, obi\u010dno prvu u rujnu, kako bismo se na najdostojniji na\u010din sjetili na\u0161ih starih i nemo\u0107nih osoba i pomolili se za njih. \u017dupnik don Ivo redovito ispovijeda stare i nemo\u0107ne tri puta godi\u0161nje: za Bo\u017ei\u0107, za Uskrs i za Veliku Gospu.  <!--more-->  <\/div>\n<div style=\"text-align: justify;\"><\/div>\n<div style=\"text-align: justify;\">Ima ih ukupno oko 130. Neki su u postelji i nepokretni, premda je ve\u0107ina pokretna ali nisu u stanju do\u0107i crkvi na svetu Misu. Treba im ne\u010dija pomo\u0107. \u017dupnik je zamolio da ih ove nedjelje dovezu njihovi najbli\u017ei kako bi proslavili ovaj dan \u0161to ljep\u0161e i dostojanstvenije. \u017dupnik je prije Mise ispovijedao tako da su mogli dobiti i duhovno osvje\u017eenje kroz svetu pri\u010dest.<\/p>\n<p>\u017dupnik je u propovijedi naglasio kako trebamo biti zahvalni na\u0161im starim bakama i djedovima koji su dok su mogli radili, molili, i\u0161li na svetu Misu, odgajali djecu i radili u polju. Danas, kada vi\u0161e ne mogu, trebamo pomo\u0107i mi njima i pokazati im koliko cijenimo njihov trud, zalaganje i molitvu.<\/p>\n<p>Nakon svete Mise na\u0161i folklora\u0161i uprili\u010dili su kratki program plesa i narodnih kola njima u \u010dast, a mladi su ih po\u010dastili vo\u0107em, kola\u010dima i sokom. Na\u0161i starci i starice, premda nemo\u0107ni i iznemogli od starosti i dugih godina rada, danas su bili vesela lica i zahvalni za ovaj mali znak pa\u017enje koji su osjetili. Neka na\u0161im starima, bolesnima i nemo\u0107nima Gospodin bude utjeha i radost u njihovom \u017eivotu!<\/p>\n<p>{gallery}stari_studenci_2012{\/gallery}<\/p>\n<\/div>\n<div style=\"text-align: justify;\">\n<div style=\"text-align: right;\"><a href=\"http:\/\/svetistesrcaisusovastudenci.info\/index.html\"><strong><span style=\"font-size: 8pt;\">svetistesrcaisusovastudenci.info<\/span><\/strong><\/a><\/div>\n<\/p><\/div>\n","protected":false},"excerpt":{"rendered":"<div class=\"mh-excerpt\"><p>U nedjelju, 9. rujna, u na\u0161oj \u017eupi obilje\u017eili smo Dan starih i nemo\u0107nih. Svake godine po\u010detkom rujna rezerviramo nedjelju, obi\u010dno <a class=\"mh-excerpt-more\" href=\"https:\/\/ljportal.com\/arhiva\/foto-dan-starih-i-nemocnih-u-studencima\/\" title=\"FOTO: Dan starih i nemo\u0107nih u Studencima\">&#8230;<\/a><\/p>\n<\/div>","protected":false},"author":1,"featured_media":14184,"comment_status":"open","ping_status":"open","sticky":false,"template":"","format":"standard","meta":{"footnotes":""},"categories":[19],"tags":[],"class_list":["post-14185","post","type-post","status-publish","format-standard","has-post-thumbnail","hentry","category-drustvo-drustvo"],"_links":{"self":[{"href":"https:\/\/ljportal.com\/arhiva\/wp-json\/wp\/v2\/posts\/14185","targetHints":{"allow":["GET"]}}],"collection":[{"href":"https:\/\/ljportal.com\/arhiva\/wp-json\/wp\/v2\/posts"}],"about":[{"href":"https:\/\/ljportal.com\/arhiva\/wp-json\/wp\/v2\/types\/post"}],"author":[{"embeddable":true,"href":"https:\/\/ljportal.com\/arhiva\/wp-json\/wp\/v2\/users\/1"}],"replies":[{"embeddable":true,"href":"https:\/\/ljportal.com\/arhiva\/wp-json\/wp\/v2\/comments?post=14185"}],"version-history":[{"count":0,"href":"https:\/\/ljportal.com\/arhiva\/wp-json\/wp\/v2\/posts\/14185\/revisions"}],"wp:featuredmedia":[{"embeddable":true,"href":"https:\/\/ljportal.com\/arhiva\/wp-json\/wp\/v2\/media\/14184"}],"wp:attachment":[{"href":"https:\/\/ljportal.com\/arhiva\/wp-json\/wp\/v2\/media?parent=14185"}],"wp:term":[{"taxonomy":"category","embeddable":true,"href":"https:\/\/ljportal.com\/arhiva\/wp-json\/wp\/v2\/categories?post=14185"},{"taxonomy":"post_tag","embeddable":true,"href":"https:\/\/ljportal.com\/arhiva\/wp-json\/wp\/v2\/tags?post=14185"}],"curies":[{"name":"wp","href":"https:\/\/api.w.org\/{rel}","templated":true}]}}