{"id":14345,"date":"2012-09-28T08:11:17","date_gmt":"2012-09-28T06:11:17","guid":{"rendered":"https:\/\/ljportal.com\/arhiva\/2012\/09\/28\/trebamo-se-duboko-zabrinuti-zbog-kupovine-glasova-u-bih\/"},"modified":"2012-09-28T08:11:17","modified_gmt":"2012-09-28T06:11:17","slug":"trebamo-se-duboko-zabrinuti-zbog-kupovine-glasova-u-bih","status":"publish","type":"post","link":"https:\/\/ljportal.com\/arhiva\/trebamo-se-duboko-zabrinuti-zbog-kupovine-glasova-u-bih\/","title":{"rendered":"Trebamo se duboko zabrinuti zbog kupovine glasova u BiH"},"content":{"rendered":"<div style=\"text-align: justify;\" \/>Dan policije, koji MUP Zapadnohercegova\u010dke \u017eupanije obilje\u017eava 29. rujna na blagdan sv. Mihovila, povod je da s ministrom unutarnjih poslova Zapadnohercegova\u010dke \u017eupanije gosp. <strong>Zdravkom Borasom<\/strong> razgovaramo o sigurnosnoj situaciji u toj \u017eupaniji.   <!--more-->  <\/p>\n<p><strong>Gosp. ministre, kako biste, u najkra\u0107im crtama, ocijenili sigurnosnu situaciju u Zapadnohercegova\u010dkoj \u017eupaniji, posebice imaju\u0107i u vidu mogu\u0107e pa i o\u010dekivano pove\u0107anje tenzija povodom predstoje\u0107ih lokalnih izbora?<\/strong><br \/>Gledaju\u0107i kroz prizmu sigurnosti ljudi i njihove imovine, bez oklijevanja mogu re\u0107i da je sigurnosna situacija u Zapadnohercegova\u010dkoj \u017eupaniji na zadovoljavaju\u0107oj razini. Nemamo nerije\u0161enih najte\u017eih kaznenih djela poput ubojstava, otmica i sl., ve\u0107 du\u017ee vrijeme u na\u0161oj \u017eupaniji nije se dogodilo ni naru\u0161avanje javnog reda i mira velikih razmjera, a i u pogledu sigurnosti prometa zadnjih nekoliko godina bilje\u017eimo pozitivne tendencije. \u0160to je najva\u017enije, mislim da se svatko bez obzira na nacionalnu ili vjersku pripadnost i bez obzira na politi\u010dka uvjerenja u Zapadnohercegova\u010dkoj \u017eupaniji mo\u017ee osje\u0107ati sigurno. Ovakvo stanje nije plod slu\u010dajnosti, ono je rezultat dobrog, kako preventivnog, tako i represivnog, rada policije. Znaju\u0107i sposobnosti policije, nemam razloga bojati se mogu\u0107ih incidenata povodom predstoje\u0107ih izbora. \u017dupanijska policija je dovoljno profesionalna i dovoljno sposobna da se mo\u017ee suo\u010diti sa svim izazovima i sve svoje zada\u0107e mo\u017ee izvr\u0161iti zakonito i u skladu s najvi\u0161im profesionalnim standardima. Gra\u0111ani se ne trebaju bojati mogu\u0107ih incidenata uo\u010di i tijekom izbora, ali se svi mi trebamo duboko zabrinuti zbog kupovine glasova i sli\u010dnih pojava koje dovode u pitanje i samu bit demokracije.<br \/><strong><br \/>Pretpostavljamo da aludirate na afere iz nedavne pro\u0161losti, odnosno na nikad rasvijetljene pri\u010de o kupovini glasova od Narodne stranke Radom za boljitak?<\/strong><br \/>Ne bih koristio izraz afera. Pojmovi kriminal i korupcija puno preciznije opisuju pojave o kojima govorim. I te pojave se ne odnose samo na daljnju ili nedavnu pro\u0161lost, one su danas aktualnije nego ikada.<\/p>\n<p><strong>Govorite o kriminalu. Zar nije posao policije rasvjetljavanje takvih pojava?<\/strong><br \/>Prema va\u017ee\u0107em Zakonu o kaznenom postupku, teret istrage i dokazivanja kaznenih djela je na Tu\u017eiteljstvima, a ne na policiji. Istrage vode nadle\u017ena Tu\u017eiteljstva, a policija im je tek servis. To moram naglasiti zbog uvrije\u017eene percepcije da je policija odgovorna za sve \u0161to ne funkcionira u dr\u017eavi. Tako\u0111er, moram naglasiti da smo krajem 2008. godine poku\u0161ali dokumentirati jedan slu\u010daj politi\u010dke korupcije, ali smo nai\u0161li na nerazumijevanje \u017dupanijskog tu\u017eiteljstva. Podsje\u0107am vas, pojedini mediji su tada pisali o tome da je Narodna stranka Radom za boljitak ispla\u0107ivala 100 KM gra\u0111anima koji su donijeli dokaz da su glasovali za tu stranku. Tragom tih natpisa kao i tragom ra\u0161irenih glasina policija je provela odre\u0111ene izvide te je utvrdila postojanje indicija da su odgovorne osobe u navedenoj stranci, kao i stranka kao pravna osoba, po\u010dinili kazneno djelo koje se goni po slu\u017ebenoj du\u017enosti. O tim saznanjima policija je obavijestila \u017dupanijsko tu\u017eiteljstvo koje je odbilo provesti istragu, proglasiv\u0161i se stvarno nenadle\u017enim. Da rezimiram, da bi netko bio osu\u0111en, policija i tu\u017eiteljstvo trebaju prikupiti dokaze o krivnji, a sud treba donijeti presudu temeljenu isklju\u010divo na zakonima, bez oslu\u0161kivanja bila vladaju\u0107e politike. Odnosno, policija je tek jedna karika u lancu, a poznato je da je lanac jak onoliko koliko je jaka najslabija karika. Odgovorno tvrdim da policija nije najslabija karika.<\/p>\n<p><strong>Neizravno prozivate sudove da oslu\u0161kuju bilo vladaju\u0107e politike. Mo\u017eete li tu tvrdnju argumentirati?<\/strong><br \/>Naravno da mogu. Spomenut \u0107u samo jedan primjer. Javnosti je poznato kakvo je pusto\u0161enje \u017eupanijskog prora\u010duna napravila biv\u0161a \u017eupanijska Vlada. Poznato je da je biv\u0161i ministar gospodarstva \u017darko Kara\u010di\u0107 protivno zakonskim odredbama odobrio isplate vi\u0161emilijunskih poticaja raznim Lijanovi\u0107a tvrtkama, \u0161to je dokumentirano i dokazano. Unato\u010d tome \u017dupanijski sud u drugostupanjskom postupku oslobodio je Kara\u010di\u0107a uz obrazlo\u017eenje da je on obavijestio Vladu o isplati poticaja. Pitam se, zna\u010di li to da, prema tuma\u010denju \u017dupanijskog suda u \u0160irokom Brijegu, ministar mo\u017ee i smije po\u010diniti bilo koje kazneno djelo ako o tome prethodno obavijesti Vladu? Ili se to odnosi samo na ministre koji dolaze iz redova Lijanovi\u0107a stranke?<\/p>\n<p><strong>MUP ZH\u017d-a obilje\u017eava Dan policije. Koliko ste zadovoljni statusom koji policija ima u dru\u0161tvu i materijalnim primanjima policajaca?<\/strong><br \/>Kakav je status policije u dru\u0161tvu, najbolje oslikava \u010dinjenica da policajci, sudionici Domovinskog rata, u svojim pravima nisu izjedna\u010deni s pripadnicima HVO-a i Armije BiH. Kao \u017eupanijski ministar unutarnjih poslova, te kao nekada\u0161nji ratni zapovjednik policije, poduzimam sve \u0161to je u mojoj mo\u0107i da se ta nepravda ispravi. \u0160to se ti\u010de pla\u0107a i ostalih primanja, \u017eupanijske policije o njima je mogu\u0107e govoriti samo u kontekstu op\u0107eg stanja u \u017eupaniji. Nakon pobjede na izborima, aktualna HDZ-ova Vlada zatekla je pusto\u0161 u \u017eupanijskim financijama. Biv\u0161a Vlada milijune \u017eupanijskog novca je dala Lijanovi\u0107evim tvrtkama, kao i aktivistima stranaka iz tada\u0161nje koalicije, preko poticaja i jednokratnih pomo\u0107i. Imaju\u0107i to u vidu, uspjeh je \u0161to redovito ispla\u0107ujemo pla\u0107e i podmirujemo druge obveze.<\/p>\n<p><strong>U ranijim istupima neizravno ste spominjali da odre\u0111eni broj policijskih slu\u017ebenika ne zaslu\u017euje nositi policijsku odoru. Na kraju na\u0161eg razgovora recite nam ostajete li kod te ocjene?<\/strong><br \/>Rekao sam, a to i danas tvrdim, da u policiji radi veliki broj stru\u010dnih i \u010destitih ljudi, ali ima i onih koji su zalutali u slu\u017ebu. Me\u0111utim, Zakon o radu sve njih isto \u0161titi i jedino \u0161to mo\u017eemo jeste preko sustava napredovanja posti\u0107i da kvalitetniji ljudi zauzmu zna\u010dajnije pozicije unutar slu\u017ebe. Ali problem je puno dublji. Naime, nismo zadovoljni postoje\u0107im sustavom izobrazbe policijskih kadrova. Trenuta\u010dno, kadete nakon zavr\u0161ene srednje \u0161kole \u0161aljemo na \u0161estomjese\u010dni te\u010daj na Policijsku akademiju u Sarajevu \u0161to skupo pla\u0107amo, a dobivamo slabo obu\u010dene policajce. Skupo pla\u0107amo lo\u0161 proizvod! Stoga smo pokrenuli inicijativu prema \u017eupanijskoj Vladi da se na podru\u010dju na\u0161e \u017eupanije osnuje srednja policijska \u0161kola koja \u0107e za potrebe ovog MUP-a \u0161kolovati kadrove. Prema na\u0161em prijedlogu, \u0161kolovanje bi trajalo dvije godine, a u \u0161kolu bi se primali kadeti nakon zavr\u0161enog drugog razreda srednje \u0161kole. Idu\u0107ih mjeseci vjerojatno \u0107emo vi\u0161e govoriti o toj temi, a sada mi dopustite da na kraju svim policijskim slu\u017ebenicima, kao i dr\u017eavnim slu\u017ebenicima i namje\u0161tenicima u MUP-u ZH\u017d-a, \u010destitam Dan policije te im i na ovaj na\u010din po\u017eelim dobro zdravlje i puno uspjeha u slu\u017ebi.<\/div>\n<p> <\/p>\n<div style=\"text-align: right;\"><strong><span style=\"font-size: 8pt;\">Marija Medi\u0107 | vecernji.ba<br \/><\/span><\/strong><\/div>\n<p><\/p>\n","protected":false},"excerpt":{"rendered":"<div class=\"mh-excerpt\"><p>Dan policije, koji MUP Zapadnohercegova\u010dke \u017eupanije obilje\u017eava 29. rujna na blagdan sv. Mihovila, povod je da s ministrom unutarnjih poslova <a class=\"mh-excerpt-more\" href=\"https:\/\/ljportal.com\/arhiva\/trebamo-se-duboko-zabrinuti-zbog-kupovine-glasova-u-bih\/\" title=\"Trebamo se duboko zabrinuti zbog kupovine glasova u BiH\">&#8230;<\/a><\/p>\n<\/div>","protected":false},"author":1,"featured_media":14344,"comment_status":"open","ping_status":"open","sticky":false,"template":"","format":"standard","meta":{"footnotes":""},"categories":[19],"tags":[],"class_list":["post-14345","post","type-post","status-publish","format-standard","has-post-thumbnail","hentry","category-drustvo-drustvo"],"_links":{"self":[{"href":"https:\/\/ljportal.com\/arhiva\/wp-json\/wp\/v2\/posts\/14345","targetHints":{"allow":["GET"]}}],"collection":[{"href":"https:\/\/ljportal.com\/arhiva\/wp-json\/wp\/v2\/posts"}],"about":[{"href":"https:\/\/ljportal.com\/arhiva\/wp-json\/wp\/v2\/types\/post"}],"author":[{"embeddable":true,"href":"https:\/\/ljportal.com\/arhiva\/wp-json\/wp\/v2\/users\/1"}],"replies":[{"embeddable":true,"href":"https:\/\/ljportal.com\/arhiva\/wp-json\/wp\/v2\/comments?post=14345"}],"version-history":[{"count":0,"href":"https:\/\/ljportal.com\/arhiva\/wp-json\/wp\/v2\/posts\/14345\/revisions"}],"wp:featuredmedia":[{"embeddable":true,"href":"https:\/\/ljportal.com\/arhiva\/wp-json\/wp\/v2\/media\/14344"}],"wp:attachment":[{"href":"https:\/\/ljportal.com\/arhiva\/wp-json\/wp\/v2\/media?parent=14345"}],"wp:term":[{"taxonomy":"category","embeddable":true,"href":"https:\/\/ljportal.com\/arhiva\/wp-json\/wp\/v2\/categories?post=14345"},{"taxonomy":"post_tag","embeddable":true,"href":"https:\/\/ljportal.com\/arhiva\/wp-json\/wp\/v2\/tags?post=14345"}],"curies":[{"name":"wp","href":"https:\/\/api.w.org\/{rel}","templated":true}]}}