{"id":14573,"date":"2012-10-17T09:06:41","date_gmt":"2012-10-17T07:06:41","guid":{"rendered":"https:\/\/ljportal.com\/arhiva\/2012\/10\/17\/najava-manifestacija-dani-kruha-i-zahvalnosti-za-plodove-zemlje\/"},"modified":"2012-10-17T09:06:41","modified_gmt":"2012-10-17T07:06:41","slug":"najava-manifestacija-dani-kruha-i-zahvalnosti-za-plodove-zemlje","status":"publish","type":"post","link":"https:\/\/ljportal.com\/arhiva\/najava-manifestacija-dani-kruha-i-zahvalnosti-za-plodove-zemlje\/","title":{"rendered":"NAJAVA: Manifestacija \u201cDani kruha i zahvalnosti za plodove zemlje\u201c"},"content":{"rendered":"<div style=\"text-align: justify;\" \/>Tradicionalna manifestacija \u201cDani kruha i zahvalnosti za plodove zemlje\u201c, u organizaciji Op\u0107ine Ljubu\u0161ki, odr\u017eat \u0107e se na Trgu domovinske zahvalnosti (iza zgrade Op\u0107ine) 22. listopada u vremenu od 9:00 do 12:00 sati. Sudionici ove manifestacije su u\u010denici osnovnih i srednjih \u0161kola s podru\u010dja Op\u0107ine, koji \u0107e izlo\u017eiti razli\u010dite vrste kruha i kru\u0161nih proizvoda.  <!--more-->  <\/p>\n<p>Huma\u010dki gvardijan fra Velimir Mandi\u0107 dat \u0107e blagoslov pri po\u010detku, dok \u0107e se za dobru zabavu pobrinuti HKUD \u201cRadi\u0161i\u0107i\u201c. Tako\u0111er, prikupljat \u0107e se dobrovoljni prilozi, a cjelokupan iznos darovat \u0107e se u humanitarne svrhe.<\/p>\n<div style=\"text-align: right;\">r<strong><span style=\"font-size: 8pt;\">adioljubuski.ba<\/span><\/strong><\/div>\n<\/p><\/div>\n","protected":false},"excerpt":{"rendered":"<div class=\"mh-excerpt\"><p>Tradicionalna manifestacija \u201cDani kruha i zahvalnosti za plodove zemlje\u201c, u organizaciji Op\u0107ine Ljubu\u0161ki, odr\u017eat \u0107e se na Trgu domovinske zahvalnosti <a class=\"mh-excerpt-more\" href=\"https:\/\/ljportal.com\/arhiva\/najava-manifestacija-dani-kruha-i-zahvalnosti-za-plodove-zemlje\/\" title=\"NAJAVA: Manifestacija \u201cDani kruha i zahvalnosti za plodove zemlje\u201c\">&#8230;<\/a><\/p>\n<\/div>","protected":false},"author":1,"featured_media":10664,"comment_status":"open","ping_status":"open","sticky":false,"template":"","format":"standard","meta":{"footnotes":""},"categories":[30],"tags":[],"class_list":["post-14573","post","type-post","status-publish","format-standard","has-post-thumbnail","hentry","category-obavijesti-obavijesti"],"_links":{"self":[{"href":"https:\/\/ljportal.com\/arhiva\/wp-json\/wp\/v2\/posts\/14573","targetHints":{"allow":["GET"]}}],"collection":[{"href":"https:\/\/ljportal.com\/arhiva\/wp-json\/wp\/v2\/posts"}],"about":[{"href":"https:\/\/ljportal.com\/arhiva\/wp-json\/wp\/v2\/types\/post"}],"author":[{"embeddable":true,"href":"https:\/\/ljportal.com\/arhiva\/wp-json\/wp\/v2\/users\/1"}],"replies":[{"embeddable":true,"href":"https:\/\/ljportal.com\/arhiva\/wp-json\/wp\/v2\/comments?post=14573"}],"version-history":[{"count":0,"href":"https:\/\/ljportal.com\/arhiva\/wp-json\/wp\/v2\/posts\/14573\/revisions"}],"wp:featuredmedia":[{"embeddable":true,"href":"https:\/\/ljportal.com\/arhiva\/wp-json\/wp\/v2\/media\/10664"}],"wp:attachment":[{"href":"https:\/\/ljportal.com\/arhiva\/wp-json\/wp\/v2\/media?parent=14573"}],"wp:term":[{"taxonomy":"category","embeddable":true,"href":"https:\/\/ljportal.com\/arhiva\/wp-json\/wp\/v2\/categories?post=14573"},{"taxonomy":"post_tag","embeddable":true,"href":"https:\/\/ljportal.com\/arhiva\/wp-json\/wp\/v2\/tags?post=14573"}],"curies":[{"name":"wp","href":"https:\/\/api.w.org\/{rel}","templated":true}]}}