{"id":14577,"date":"2012-10-17T18:41:40","date_gmt":"2012-10-17T16:41:40","guid":{"rendered":"https:\/\/ljportal.com\/arhiva\/2012\/10\/17\/najava-qdivin-krik-s-vranaq-na-humcu\/"},"modified":"2012-10-17T18:41:40","modified_gmt":"2012-10-17T16:41:40","slug":"najava-qdivin-krik-s-vranaq-na-humcu","status":"publish","type":"post","link":"https:\/\/ljportal.com\/arhiva\/najava-qdivin-krik-s-vranaq-na-humcu\/","title":{"rendered":"NAJAVA: &#8220;Divin krik s Vrana&#8221; na Humcu"},"content":{"rendered":"<div style=\"text-align: justify;\" \/>Dokumentarni film Divin krik s Vrana, autora Miljenka Kara\u010di\u0107a bit \u0107e prikazan u dvorani svetog Ante u samostanu na Humcu u subotu, 20. listopada s po\u010detkom u 18:30 sati. Ovaj dokumentarac dio je doga\u0111aja manifestacije Tropletovi dani kulture 2012. koji se obilje\u017eava i u Ljubu\u0161kom.   <!--more-->  <\/p>\n<p>Na 15. me\u0111unarodnom festivalu turisti\u010dkog filma u Solinu me\u0111u nagra\u0111enim filmovima na\u0161ao se i &#8220;Divin krik s Vrana&#8221;. U njegovoj realizaciji aktivno su sudjelovali \u010dlanovi dramske sekcije KUD &#8220;Hrvatska sloga&#8221; izvode\u0107i igrane scene na autenti\u010dnim lokalitetima. Stru\u010dni suradnici na filmu bili su Milan Topi\u0107 i Zoran Stojanovi\u0107.<\/div>\n<p> <\/p>\n<div style=\"text-align: right;\"><span style=\"font-size: 8pt;\"><strong>radioljubuski.ba<\/strong><\/span><\/div>\n","protected":false},"excerpt":{"rendered":"<div class=\"mh-excerpt\"><p>Dokumentarni film Divin krik s Vrana, autora Miljenka Kara\u010di\u0107a bit \u0107e prikazan u dvorani svetog Ante u samostanu na Humcu <a class=\"mh-excerpt-more\" href=\"https:\/\/ljportal.com\/arhiva\/najava-qdivin-krik-s-vranaq-na-humcu\/\" title=\"NAJAVA: &#8220;Divin krik s Vrana&#8221; na Humcu\">&#8230;<\/a><\/p>\n<\/div>","protected":false},"author":1,"featured_media":14576,"comment_status":"open","ping_status":"open","sticky":false,"template":"","format":"standard","meta":{"footnotes":""},"categories":[22],"tags":[],"class_list":["post-14577","post","type-post","status-publish","format-standard","has-post-thumbnail","hentry","category-kultura-kultura"],"_links":{"self":[{"href":"https:\/\/ljportal.com\/arhiva\/wp-json\/wp\/v2\/posts\/14577","targetHints":{"allow":["GET"]}}],"collection":[{"href":"https:\/\/ljportal.com\/arhiva\/wp-json\/wp\/v2\/posts"}],"about":[{"href":"https:\/\/ljportal.com\/arhiva\/wp-json\/wp\/v2\/types\/post"}],"author":[{"embeddable":true,"href":"https:\/\/ljportal.com\/arhiva\/wp-json\/wp\/v2\/users\/1"}],"replies":[{"embeddable":true,"href":"https:\/\/ljportal.com\/arhiva\/wp-json\/wp\/v2\/comments?post=14577"}],"version-history":[{"count":0,"href":"https:\/\/ljportal.com\/arhiva\/wp-json\/wp\/v2\/posts\/14577\/revisions"}],"wp:featuredmedia":[{"embeddable":true,"href":"https:\/\/ljportal.com\/arhiva\/wp-json\/wp\/v2\/media\/14576"}],"wp:attachment":[{"href":"https:\/\/ljportal.com\/arhiva\/wp-json\/wp\/v2\/media?parent=14577"}],"wp:term":[{"taxonomy":"category","embeddable":true,"href":"https:\/\/ljportal.com\/arhiva\/wp-json\/wp\/v2\/categories?post=14577"},{"taxonomy":"post_tag","embeddable":true,"href":"https:\/\/ljportal.com\/arhiva\/wp-json\/wp\/v2\/tags?post=14577"}],"curies":[{"name":"wp","href":"https:\/\/api.w.org\/{rel}","templated":true}]}}