{"id":15682,"date":"2013-02-09T17:51:29","date_gmt":"2013-02-09T16:51:29","guid":{"rendered":"https:\/\/ljportal.com\/arhiva\/2013\/02\/09\/u-vijecnici-odrzana-prezentacija-i-javna-rasprava-za-zvirice-i-kravicu\/"},"modified":"2013-02-09T17:51:29","modified_gmt":"2013-02-09T16:51:29","slug":"u-vijecnici-odrzana-prezentacija-i-javna-rasprava-za-zvirice-i-kravicu","status":"publish","type":"post","link":"https:\/\/ljportal.com\/arhiva\/u-vijecnici-odrzana-prezentacija-i-javna-rasprava-za-zvirice-i-kravicu\/","title":{"rendered":"U vije\u0107nici odr\u017eana prezentacija i javna rasprava za Zviri\u0107e i Kravicu"},"content":{"rendered":"<p style=\"text-align: justify;\">Ju\u010der su u prostorijama Gradske vije\u0107nice odr\u017eane dvije javne prezentacije i rasprave koje se odnose na Zoning plan \u201ePoslovne zone Zviri\u0107i\u201c i Regulacijski plan \u201eKravica\u201c. Op\u0107ina Ljubu\u0161ki je naru\u010ditelj\u00a0 obadva plana, a nositelj izrade je tvrtka Eco plan iz Mostara, koja je ujedno i prezentirala iste.<\/p>\n<p>  <!--more-->  <\/p>\n<p style=\"text-align: justify;\">Zoning plan \u201ePoslovne zone Zviri\u0107i\u201c<\/p>\n<p style=\"text-align: justify;\">Ovaj plan se odnosi na period od 2012.-2020, a u prezentaciji su prikazane najva\u017enije karakteristike, opis postoje\u0107eg stanja, prirodni uvjeti, infrastruktura i sl., a na temelju svih parametara je pru\u017een cjelokupni plan organizacije poslovne zone.<br \/>Iako predvi\u0111ena ukupna povr\u0161ina iznosi 174 ha, ovim zoning planom kao prvom fazom je predvi\u0111eno 39,5 ha povr\u0161ine podijeljene u zone A, B i C. Ono \u0161to je va\u017eno napomenuti da su predvi\u0111ene povr\u0161ine podlo\u017ene promjeni na zahtjev investitora, odnosno, mogu se prenamijeniti.<br \/>Napominjemo da \u0107e zoning plan\u00a0 biti dostupan javnosti do 14.02. u prostorijama Op\u0107ine.<\/p>\n<p style=\"text-align: justify;\"><img decoding=\"async\" style=\"margin-top: 6px; margin-bottom: 6px; vertical-align: top;\" src=\"http:\/\/www.hum.ba\/images\/stories\/2013\/galerije\/zvirici_kravica_2\/ljubuski_u_vijecnici_odrzana_prezentacija__javna_rasprava-zvirici_kravica_16.jpg\" alt=\"http:\/\/www.hum.ba\/images\/stories\/2013\/galerije\/zvirici_kravica_2\/ljubuski_u_vijecnici_odrzana_prezentacija__javna_rasprava-zvirici_kravica_16.jpg\" width=\"535\" \/><\/p>\n<p style=\"text-align: justify;\">Regulacijski\u00a0 plan podru\u010dja Kravice<\/p>\n<p style=\"text-align: justify;\">Svrha ovog regulacijskog plana je za\u0161tita podru\u010dja Kravice u njezinom prirodnom obliku, za\u0161tita\u00a0 rijeke, kulturnog i povijesnog dobra, a istovremeno poticanje na pravilno kori\u0161tenje i poticanje javnog dobra.<br \/>Regulacijskim planom je obuhva\u0107ena povr\u0161ina od 42ha ukupne grani\u010dne linije 4 km. U izradi su analizirani sljede\u0107i segmenti :zelenilo, poljoprivredne povr\u0161ine, rijeka Trebi\u017eat, promet, objekti i sl. Ovaj regulacijski plan predvi\u0111a razvoj navedenog prostora\u00a0 ure\u0111enje neiskori\u0161tenih poljoprivrednih povr\u0161ina koje su pogodne za poljoprivrednu djelatnost u turisti\u010dkom segmentu, kao i ve\u0107u za\u0161titu i o\u010duvanje prirode.<br \/>Globalna ideja regulacijskog plana je aktivacija cijele zone, jer se trenutno koristi samo uski dio vodopada. Potom je predvi\u0111ena aktivacija desne obale i rekonstrukcija zapu\u0161tenih mlinica.Uz turisti\u010dko ugostiteljsku zonu planirana\u00a0 je i sportsko- rekreacijska zona, novo kupali\u0161te, sadr\u017eaji za turiste, a trenutno su\u00a0 u izgradnji\u00a0 dva sanitarna \u010dvora.<\/p>\n<p style=\"text-align: justify;\">\u00a0<\/p>\n<p style=\"text-align: right;\"><span style=\"font-size: 8pt;\"><strong>Mi Media I hum.ba<\/strong><\/span><\/p>\n","protected":false},"excerpt":{"rendered":"<div class=\"mh-excerpt\"><p>Ju\u010der su u prostorijama Gradske vije\u0107nice odr\u017eane dvije javne prezentacije i rasprave koje se odnose na Zoning plan \u201ePoslovne zone <a class=\"mh-excerpt-more\" href=\"https:\/\/ljportal.com\/arhiva\/u-vijecnici-odrzana-prezentacija-i-javna-rasprava-za-zvirice-i-kravicu\/\" title=\"U vije\u0107nici odr\u017eana prezentacija i javna rasprava za Zviri\u0107e i Kravicu\">&#8230;<\/a><\/p>\n<\/div>","protected":false},"author":1,"featured_media":15681,"comment_status":"open","ping_status":"open","sticky":false,"template":"","format":"standard","meta":{"footnotes":""},"categories":[19],"tags":[],"class_list":["post-15682","post","type-post","status-publish","format-standard","has-post-thumbnail","hentry","category-drustvo-drustvo"],"_links":{"self":[{"href":"https:\/\/ljportal.com\/arhiva\/wp-json\/wp\/v2\/posts\/15682","targetHints":{"allow":["GET"]}}],"collection":[{"href":"https:\/\/ljportal.com\/arhiva\/wp-json\/wp\/v2\/posts"}],"about":[{"href":"https:\/\/ljportal.com\/arhiva\/wp-json\/wp\/v2\/types\/post"}],"author":[{"embeddable":true,"href":"https:\/\/ljportal.com\/arhiva\/wp-json\/wp\/v2\/users\/1"}],"replies":[{"embeddable":true,"href":"https:\/\/ljportal.com\/arhiva\/wp-json\/wp\/v2\/comments?post=15682"}],"version-history":[{"count":0,"href":"https:\/\/ljportal.com\/arhiva\/wp-json\/wp\/v2\/posts\/15682\/revisions"}],"wp:featuredmedia":[{"embeddable":true,"href":"https:\/\/ljportal.com\/arhiva\/wp-json\/wp\/v2\/media\/15681"}],"wp:attachment":[{"href":"https:\/\/ljportal.com\/arhiva\/wp-json\/wp\/v2\/media?parent=15682"}],"wp:term":[{"taxonomy":"category","embeddable":true,"href":"https:\/\/ljportal.com\/arhiva\/wp-json\/wp\/v2\/categories?post=15682"},{"taxonomy":"post_tag","embeddable":true,"href":"https:\/\/ljportal.com\/arhiva\/wp-json\/wp\/v2\/tags?post=15682"}],"curies":[{"name":"wp","href":"https:\/\/api.w.org\/{rel}","templated":true}]}}