{"id":15684,"date":"2013-02-10T08:24:35","date_gmt":"2013-02-10T07:24:35","guid":{"rendered":"https:\/\/ljportal.com\/arhiva\/2013\/02\/10\/izlozbom-vjera-na-teritoriju-bih-autor-don-ravlic-zeli-pribliziti-narode-i-vjere\/"},"modified":"2013-02-10T08:24:35","modified_gmt":"2013-02-10T07:24:35","slug":"izlozbom-vjera-na-teritoriju-bih-autor-don-ravlic-zeli-pribliziti-narode-i-vjere","status":"publish","type":"post","link":"https:\/\/ljportal.com\/arhiva\/izlozbom-vjera-na-teritoriju-bih-autor-don-ravlic-zeli-pribliziti-narode-i-vjere\/","title":{"rendered":"Izlo\u017ebom \u201eVjera na teritoriju BiH\u201c autor don Ravli\u0107 \u017eeli pribli\u017eiti narode i vjere"},"content":{"rendered":"<\/p>\n<p>Tragom nedavne izlo\u017ebe koja se odr\u017eala u Ljubu\u0161kom, naziva \u201eVjera na teritoriju BiH\u201c, odlu\u010dili smo stupiti u kontakt i vi\u0161e se upoznati sa samim autorom, don Ivanom Ravli\u0107em. Ovaj sve\u0107enik\u00a0 je \u017eupnik u Posavskoj Mahali\u00a0 kod Od\u017eaka, a rodom je\u00a0 iz Posavine i\u00a0 jedno\u00a0 je od \u0161esnaestero djece.<\/p>\n<p>  <!--more-->  <\/p>\n<p>Zaredio se 1976. godine, a ina\u010de je vrlo aktivan i dinami\u010dan. Osim \u0161to se bavi pisanjem\u00a0 i\u00a0 izlo\u017ebama, zanimljivo je da u svojoj voza\u010dkoj ima 14 kategorija, pilot je i vozi brodove do 25 m.<\/p>\n<p>Recite ne\u0161to vi\u0161e o samoj izlo\u017ebi \u201eVjera na teritoriju BiH\u201c?<\/p>\n<p>Izlo\u017eba\u00a0 fotografija \u201eVjera na teritoriju BiH\u201c je prvi put postavljena u o\u017eujku 2008., i to, mo\u017ee se re\u0107i,\u00a0 u najve\u0107oj prostoriji u BiH- u Skenderiji u \u201eCollegiumu artisticumu\u201c. Trajala je mjesec dana, a pogledalo ju je najmanje oko 10.000 posjetitelja. Na njoj je bilo izlo\u017eeno 300 eksponata u fotografijama i 300 stvarnih eksponata dobivenih (posu\u0111enih) od vjerskih institucija svih vjera, muzeja, manastira, samostana, sinagoga, d\u017eamija,\u00a0 privatnih ku\u0107a itd. Dakle, ukupno 600 eksponata. Mo\u017ee se re\u0107i ova vrsta izlo\u017ebe je jedini poku\u0161aj u BiH i po njoj je napravljen katalog svih vjera.\u00a0 Katalog ukupno ima 600 fotografija, i to po 150 od svake vjere i vjerske zajednice: pravoslavlje, katoli\u010danstvo, \u017eidovska vjerska zajednica i islamska vjerska\u00a0 zajednica. Na realiziranju ove izlo\u017ebe radio sam oko 4 godine,te sam dobio podr\u0161ku od svih vode\u0107ih vjerskih slu\u017ebenika.<\/p>\n<p>\u0160to ste izlo\u017ebom htjeli posti\u0107i?<\/p>\n<p>Do realiziranja ove izlo\u017ebe do\u0161ao sam razmi\u0161ljaju\u0107i o na\u0161oj multietni\u010dnosti i\u00a0 multireligioznosti, gdje \u017eivimo jedni pokraj drugih, a ne poznamo se dovoljno. Ne poznajemo kulturu, zasade, genezu, navike jedni drugih i dr. Ovom izlo\u017ebom \u017eelio sam da se me\u0111usobno pribli\u017eimo, a to se mo\u017ee samo ako se me\u0111usobno upoznamo. Bilo je lijepo promatrati ljude, osobe koje su posjetile izlo\u017ebu u Sarajevu,\u00a0 a nisu sa sumnjom gledali jedni na druge. Nije to bila izlo\u017eba ni Mujina, ni \u0110or\u0111eva, ni Elijeva ni Ivanova, nego svih nas. Nije se, gledaju\u0107i na izlo\u017ebu pljuckalo i govorilo: \u201evidi samo jedna vjera, nego se \u010dulo znak zahvale i jedinstva\u201c.<\/p>\n<p>Obuhvatili ste sve vjere na teritoriju BiH. Kakve su reakcije od svih strana i mislite li da je to put ekumenizmu i su\u017eivotu?<\/p>\n<p>Ovo je izlo\u017eba dijaloga i ekumenizma, moramo priznati da je toga danas malo, i svi mi trebali bi na tom vi\u0161e poraditi.\u00a0 Izlo\u017eba i katalog od 310 stranica, su dobro ocijenjeni i prihva\u0107eni sa strane svih ministarstava kulture na svim nivoima, od ljudi dobre volje i drugih kulturnih institucija. Posebno dobro do\u0111e za \u0161kolsku djecu, po tome bi se katalog mogao uvrstiti u \u0161kolske ud\u017ebenike. Sve su vjere proporcionalno isto zastupljene, bez ikakvih predrasuda.<\/p>\n<p>Gdje ste sve izlagali i kako ste bili prihva\u0107eni?<\/p>\n<p>Izlo\u017eba je ve\u0107\u00a0 dobila epitet \u201eputuju\u0107a izlo\u017eba\u201c jer je ve\u0107 bila u op\u0107inama:\u00a0 Od\u017eaku, Somboru, Derventi, \u017dep\u010du, Slavonskom Brodu, Bosanskom Brodu, Isto\u010dnom Sarajevu, Kiseljaku, Kre\u0161evu, Zenici, Modri\u010di, Ljubu\u0161kom, itd.\u00a0 Jo\u0161 se predvi\u0111a\u00a0 u Srebreniku, Konjicu, Jajcu, Gra\u010dacu u RH, Travniku, Banja luci, Bosanskom\u00a0 \u0160amcu, Biha\u0107u i ostalim gradovima. Izlo\u017eba je na op\u0107e iznena\u0111enje dosta dobro prihva\u0107ena.\u00a0 \u00a0<\/p>\n<p>\u00a0<\/p>\n<p>Recite ne\u0161to za kraj?<\/p>\n<p>Izlo\u017ebom sam htio pribli\u017eiti vjere i narode u BiH, te mislim da sam na tome planu i uspio. Ona govori da ovaj narod ima nade, i da u ovome narodu ima entuzijasta za koje nije sve pokopano, uni\u0161teno, ukradeno i korumpirano. Daje nadu \u010dovjeku da misli optimisti\u010dno, a ne uvijek pesimisti\u010dno. Govori nam da ovdje ima zajedni\u0161tva, koje jo\u0161 treba izgra\u0111ivati i u\u010dvr\u0161\u0107ivati, premda netko \u017eeli ove narode razjediniti, duhovno i kulturno uni\u0161titi.<\/p>\n<p>\u00a0<\/p>\n<p>\u00a0<\/p>\n<p style=\"text-align: right;\"><strong><span style=\"font-size: 8pt;\">Mi Media I hum.ba<\/span><\/strong><\/p>\n","protected":false},"excerpt":{"rendered":"<div class=\"mh-excerpt\"><p>Tragom nedavne izlo\u017ebe koja se odr\u017eala u Ljubu\u0161kom, naziva \u201eVjera na teritoriju BiH\u201c, odlu\u010dili smo stupiti u kontakt i vi\u0161e <a class=\"mh-excerpt-more\" href=\"https:\/\/ljportal.com\/arhiva\/izlozbom-vjera-na-teritoriju-bih-autor-don-ravlic-zeli-pribliziti-narode-i-vjere\/\" title=\"Izlo\u017ebom \u201eVjera na teritoriju BiH\u201c autor don Ravli\u0107 \u017eeli pribli\u017eiti narode i vjere\">&#8230;<\/a><\/p>\n<\/div>","protected":false},"author":1,"featured_media":15683,"comment_status":"open","ping_status":"open","sticky":false,"template":"","format":"standard","meta":{"footnotes":""},"categories":[19],"tags":[],"class_list":["post-15684","post","type-post","status-publish","format-standard","has-post-thumbnail","hentry","category-drustvo-drustvo"],"_links":{"self":[{"href":"https:\/\/ljportal.com\/arhiva\/wp-json\/wp\/v2\/posts\/15684","targetHints":{"allow":["GET"]}}],"collection":[{"href":"https:\/\/ljportal.com\/arhiva\/wp-json\/wp\/v2\/posts"}],"about":[{"href":"https:\/\/ljportal.com\/arhiva\/wp-json\/wp\/v2\/types\/post"}],"author":[{"embeddable":true,"href":"https:\/\/ljportal.com\/arhiva\/wp-json\/wp\/v2\/users\/1"}],"replies":[{"embeddable":true,"href":"https:\/\/ljportal.com\/arhiva\/wp-json\/wp\/v2\/comments?post=15684"}],"version-history":[{"count":0,"href":"https:\/\/ljportal.com\/arhiva\/wp-json\/wp\/v2\/posts\/15684\/revisions"}],"wp:featuredmedia":[{"embeddable":true,"href":"https:\/\/ljportal.com\/arhiva\/wp-json\/wp\/v2\/media\/15683"}],"wp:attachment":[{"href":"https:\/\/ljportal.com\/arhiva\/wp-json\/wp\/v2\/media?parent=15684"}],"wp:term":[{"taxonomy":"category","embeddable":true,"href":"https:\/\/ljportal.com\/arhiva\/wp-json\/wp\/v2\/categories?post=15684"},{"taxonomy":"post_tag","embeddable":true,"href":"https:\/\/ljportal.com\/arhiva\/wp-json\/wp\/v2\/tags?post=15684"}],"curies":[{"name":"wp","href":"https:\/\/api.w.org\/{rel}","templated":true}]}}