{"id":15688,"date":"2013-02-10T18:39:27","date_gmt":"2013-02-10T17:39:27","guid":{"rendered":"https:\/\/ljportal.com\/arhiva\/2013\/02\/10\/radnici-jkp-ljubuski-20-mjeseci-bez-place\/"},"modified":"2013-02-10T18:39:27","modified_gmt":"2013-02-10T17:39:27","slug":"radnici-jkp-ljubuski-20-mjeseci-bez-place","status":"publish","type":"post","link":"https:\/\/ljportal.com\/arhiva\/radnici-jkp-ljubuski-20-mjeseci-bez-place\/","title":{"rendered":"Radnici JKP Ljubu\u0161ki 20 mjeseci bez pla\u0107e"},"content":{"rendered":"<p style=\"text-align: justify;\">Pedeset pet radnika komunalnog poduze\u0107a Ljubu\u0161ki vi\u0161e od godinu i pol dana nisu primili pla\u0107u, a poduze\u0107e trenuta\u010dno radi po inerciji. Nakon \u0161to je revizorsko izvje\u0161\u0107e utvrdilo milijunske gubitke, \u010dekaju na potez Op\u0107inskoga vije\u0107a. Nazire li se kraj vi\u0161emjese\u010dnoj agoniji radnika &#8211; istra\u017eila je novinarka Federalne televizije Ivana Be\u0161li\u0107<\/p>\n<p>  <!--more-->  <\/p>\n<p style=\"text-align: justify;\">\n<p>Poduze\u0107e iz mjeseca u mjesec pravi gubitke, radnici se pitaju za\u0161to dolaziti na posao. Ve\u0107 20 mjeseci nisu prilmili pla\u0107u. Ravnatelj je napustio funkciju, a Nadzorni odbor je u ostavci. Ka\u017eu, kada su upozoravali da poduze\u0107e tone, nitko ih nije pozvao na razgovor. Danas vi\u0161e nemaju s kim pregovarati. Predsjednik \u0160trajka\u010dkog odbora Nedjeljko Ere\u0161 ka\u017ee da je podneseno ve\u0107 50 tu\u017ebi.<\/p>\n<p>http:\/\/www.youtube.com\/watch?v=3hvxGf95yHw<\/p>\n<p>Od 2009. godine, kada je osniva\u010d &#8211; Op\u0107ina sporazum o prikupljanju i odlaganju otpada potpisala s privatnom firmom, ovo poduze\u0107e godi\u0161nje gubi 20 posto svoje dobiti. Bio je to i gubitak monopola, a siguran put do financijske propasti. Revizorsko izvje\u0161\u0107e je utvrdilo: opravdana je sumnja u sposobnost da komunalno poduze\u0107e mo\u017ee nastaviti neograni\u010deno poslovati.<\/p>\n<p>Dugovi su porasli na skoro devet milijuna maraka, pribli\u017eno godi\u0161njem op\u0107inskom prora\u010dunu. Ujedno je to bio alarm za sazivanje sjednice Op\u0107inskog vije\u0107a Ljubu\u0161ki, na kojoj \u0107e se, prema rije\u010dima predsjednika Tonija Kraljevi\u0107a, poku\u0161ati izna\u0107i rje\u0161enje za radnike. Oni su do tada prepu\u0161teni sami sebi.<\/p>\n<p style=\"text-align: right;\"><span style=\"font-size: 8pt;\"><strong>federalna.ba<\/strong><\/span><\/p>\n<p>\u00a0<\/p>\n","protected":false},"excerpt":{"rendered":"<div class=\"mh-excerpt\"><p>Pedeset pet radnika komunalnog poduze\u0107a Ljubu\u0161ki vi\u0161e od godinu i pol dana nisu primili pla\u0107u, a poduze\u0107e trenuta\u010dno radi po <a class=\"mh-excerpt-more\" href=\"https:\/\/ljportal.com\/arhiva\/radnici-jkp-ljubuski-20-mjeseci-bez-place\/\" title=\"Radnici JKP Ljubu\u0161ki 20 mjeseci bez pla\u0107e\">&#8230;<\/a><\/p>\n<\/div>","protected":false},"author":1,"featured_media":15687,"comment_status":"open","ping_status":"open","sticky":false,"template":"","format":"standard","meta":{"footnotes":""},"categories":[19],"tags":[],"class_list":["post-15688","post","type-post","status-publish","format-standard","has-post-thumbnail","hentry","category-drustvo-drustvo"],"_links":{"self":[{"href":"https:\/\/ljportal.com\/arhiva\/wp-json\/wp\/v2\/posts\/15688","targetHints":{"allow":["GET"]}}],"collection":[{"href":"https:\/\/ljportal.com\/arhiva\/wp-json\/wp\/v2\/posts"}],"about":[{"href":"https:\/\/ljportal.com\/arhiva\/wp-json\/wp\/v2\/types\/post"}],"author":[{"embeddable":true,"href":"https:\/\/ljportal.com\/arhiva\/wp-json\/wp\/v2\/users\/1"}],"replies":[{"embeddable":true,"href":"https:\/\/ljportal.com\/arhiva\/wp-json\/wp\/v2\/comments?post=15688"}],"version-history":[{"count":0,"href":"https:\/\/ljportal.com\/arhiva\/wp-json\/wp\/v2\/posts\/15688\/revisions"}],"wp:featuredmedia":[{"embeddable":true,"href":"https:\/\/ljportal.com\/arhiva\/wp-json\/wp\/v2\/media\/15687"}],"wp:attachment":[{"href":"https:\/\/ljportal.com\/arhiva\/wp-json\/wp\/v2\/media?parent=15688"}],"wp:term":[{"taxonomy":"category","embeddable":true,"href":"https:\/\/ljportal.com\/arhiva\/wp-json\/wp\/v2\/categories?post=15688"},{"taxonomy":"post_tag","embeddable":true,"href":"https:\/\/ljportal.com\/arhiva\/wp-json\/wp\/v2\/tags?post=15688"}],"curies":[{"name":"wp","href":"https:\/\/api.w.org\/{rel}","templated":true}]}}