{"id":15784,"date":"2013-02-20T12:03:32","date_gmt":"2013-02-20T11:03:32","guid":{"rendered":"https:\/\/ljportal.com\/arhiva\/2013\/02\/20\/rasvjetljena-krada-nakita\/"},"modified":"2013-02-20T12:03:32","modified_gmt":"2013-02-20T11:03:32","slug":"rasvjetljena-krada-nakita","status":"publish","type":"post","link":"https:\/\/ljportal.com\/arhiva\/rasvjetljena-krada-nakita\/","title":{"rendered":"Rasvjetljena kra\u0111a nakita"},"content":{"rendered":"<p style=\"text-align: justify;\">U Ljubu\u0161ki rasvijetlila je kra\u0111u, po\u010dinjenu 15. velja\u010de ove godine na \u0161tetu punoljetnog gra\u0111anina s prebivali\u0161tem u mjestu Humac. Navedenog nadnevka iz obiteljske ku\u0107e o\u0161te\u0107enog gra\u0111anina nepoznati po\u010dinitelj otu\u0111io je dvadesetak komada nakita (prstenje, narukvice, nau\u0161nice i sl.), a operativnim radom kao mogu\u0107i po\u010dinitelj identificiran je D. R. (26) iz Donjih<\/p>\n<p>  <!--more-->  <\/p>\n<p style=\"text-align: justify;\">Radi\u0161i\u0107a, op\u0107ina Ljubu\u0161ki.<\/p>\n<p style=\"text-align: justify;\">U slu\u017ebenim prostorijama PU Ljubu\u0161ki ju\u010der je izvr\u0161ena kriminalisti\u010dka obrada nad D. R. (26) kojom je utvr\u0111eno postojanje osnova sumnje da je isti po\u010dinitelj opisanog kaznenog djela.<\/p>\n<p style=\"text-align: justify;\">PU Ljubu\u0161ki u redovnom \u0107e postupku \u017dupanijskom tu\u017eiteljstvu podnijeti izvije\u0161\u0107e o po\u010dinjenom kaznenom djelu kra\u0111e protiv D. R. (26), zbog osnova sumnje da je po\u010dinio kazneno djelo Kra\u0111a iz \u010dl. 286. KZ-a FBiH.<\/p>\n<p style=\"text-align: justify;\">Dio otu\u0111eno nakita je prona\u0111en i bit \u0107e vra\u0107en vlasniku, a za preostalim dijelom otu\u0111enog nakita se traga.<\/p>\n<p style=\"text-align: right;\"><span style=\"font-size: 8pt;\"><strong>MUP \u017dZH | mupzzh.ba<\/strong><\/span><\/p>\n","protected":false},"excerpt":{"rendered":"<div class=\"mh-excerpt\"><p>U Ljubu\u0161ki rasvijetlila je kra\u0111u, po\u010dinjenu 15. velja\u010de ove godine na \u0161tetu punoljetnog gra\u0111anina s prebivali\u0161tem u mjestu Humac. Navedenog <a class=\"mh-excerpt-more\" href=\"https:\/\/ljportal.com\/arhiva\/rasvjetljena-krada-nakita\/\" title=\"Rasvjetljena kra\u0111a nakita\">&#8230;<\/a><\/p>\n<\/div>","protected":false},"author":1,"featured_media":15783,"comment_status":"open","ping_status":"open","sticky":false,"template":"","format":"standard","meta":{"footnotes":""},"categories":[27],"tags":[],"class_list":["post-15784","post","type-post","status-publish","format-standard","has-post-thumbnail","hentry","category-crna-kronika-crna-kronika"],"_links":{"self":[{"href":"https:\/\/ljportal.com\/arhiva\/wp-json\/wp\/v2\/posts\/15784","targetHints":{"allow":["GET"]}}],"collection":[{"href":"https:\/\/ljportal.com\/arhiva\/wp-json\/wp\/v2\/posts"}],"about":[{"href":"https:\/\/ljportal.com\/arhiva\/wp-json\/wp\/v2\/types\/post"}],"author":[{"embeddable":true,"href":"https:\/\/ljportal.com\/arhiva\/wp-json\/wp\/v2\/users\/1"}],"replies":[{"embeddable":true,"href":"https:\/\/ljportal.com\/arhiva\/wp-json\/wp\/v2\/comments?post=15784"}],"version-history":[{"count":0,"href":"https:\/\/ljportal.com\/arhiva\/wp-json\/wp\/v2\/posts\/15784\/revisions"}],"wp:featuredmedia":[{"embeddable":true,"href":"https:\/\/ljportal.com\/arhiva\/wp-json\/wp\/v2\/media\/15783"}],"wp:attachment":[{"href":"https:\/\/ljportal.com\/arhiva\/wp-json\/wp\/v2\/media?parent=15784"}],"wp:term":[{"taxonomy":"category","embeddable":true,"href":"https:\/\/ljportal.com\/arhiva\/wp-json\/wp\/v2\/categories?post=15784"},{"taxonomy":"post_tag","embeddable":true,"href":"https:\/\/ljportal.com\/arhiva\/wp-json\/wp\/v2\/tags?post=15784"}],"curies":[{"name":"wp","href":"https:\/\/api.w.org\/{rel}","templated":true}]}}