{"id":15845,"date":"2013-02-26T15:50:00","date_gmt":"2013-02-26T14:50:00","guid":{"rendered":"https:\/\/ljportal.com\/arhiva\/2013\/02\/26\/ante-mucic-antas-umjetnik-u-izradi-tradicijskih-instrumenata\/"},"modified":"2013-02-26T15:50:00","modified_gmt":"2013-02-26T14:50:00","slug":"ante-mucic-antas-umjetnik-u-izradi-tradicijskih-instrumenata","status":"publish","type":"post","link":"https:\/\/ljportal.com\/arhiva\/ante-mucic-antas-umjetnik-u-izradi-tradicijskih-instrumenata\/","title":{"rendered":"Ante Muci\u0107-Antas, umjetnik u izradi tradicijskih instrumenata"},"content":{"rendered":"<p style=\"text-align: justify;\">Ante Muci\u0107 \u2013Antas&nbsp; zaljubljenik&nbsp; je u izradu tradicionalnih instrumenata i mo\u017eemo svakako re\u0107i \u010duvar kulturne ba\u0161tine svog kraja.&nbsp; Iako je u podmaklim godinama \u017eivota i dalje svira na tradicionalnim instrumentima, a&nbsp; svoje znanje prenosi na u\u010denike \u0161irom Hercegovine.<\/p>\n<p>  <!--more-->  <\/p>\n<p style=\"text-align: justify;\">Diple, gusle&nbsp; i lijericu izra\u0111uje od javora, klijena, jasena ,orasa, a&nbsp; isti\u010de da je najbolje drvo za izradu gusala&nbsp; od javora. \u0160to&nbsp; drvo tvr\u0111e, to je bolje za instrumente. Kupci njegovih instrumenata su ve\u0107inom na\u0161i ljudi koji \u017eive u inozemstvu, a kako ka\u017ee na\u0111e se i ovdje poneki kupac.<br \/>Na\u0161 sugovornik jednom tjedno, po dva sata obu\u010dava svoje u\u010denike za sviranje tradicionalnih instrumenata, a trenutno ima 7 u\u010denika.<br \/>\u201eIma sam jednog u\u010denika koji je u rekordnom roku zavr\u0161io sviranje i na diplama, guslama i lijerici. Iako je to naporan posa, pri\u010dinjava mi zadovoljstvo. Va\u017eno je znati&nbsp; je li u\u010denik lijevoruk ili desnoruk, u \u010dovika koji je livaja br\u017ei su prsti , a brzina se i tra\u017ei na diplama. Svi dolaze u\u010diti svirati na instrumentima, a za izradu, nema niko zainteresiran\u201c, isti\u010de Ante.<br \/>Zaljubljenost u tradicionalne instrumente od malih nogu<br \/><img decoding=\"async\" style=\"margin-top: 6px; margin-right: 0px; margin-bottom: 6px;\" src=\"http:\/\/www.hum.ba\/images\/stories\/2013\/galerije\/ante_mucic_antes_3\/ante_mucic_antas_umjetnik_u_izradi_tradicijskih_instrumenata_11.jpg\" alt=\"\" width=\"525\" \/><br \/>Vi\u0161e od 46 godina posvetio je izradi instrumenata, predstavljanju ovda\u0161nje tradicije, a kako se rodila ljubav prema&nbsp; guslama i diplama, ukratko nam&nbsp; je ispri\u010dao Ante. <\/p>\n<p>Kad mu je bilo \u0161est godina, sa svojom majkom je posjetio djeda, sjede\u0107i mu u krilu, zaspao je, dok mu je djed svirao na diplama . I kako ka\u017ee taj zvuk mu je ostao u podsvijesti uvijek ga je pratio. Zamolio je svoga djeda, \u201e\u0107a\u0107inog \u0107a\u0107u\u201c da mu zakolje kozu kako bi napravio diple. Uz pomo\u0107 djedova&nbsp; sastavio je svoje prve diple, te pomalo mu\u010de\u0107i se nau\u010dio svirati na njih.<\/p>\n<p>\u201ePrve gusle sam napravija, kada sam iz vojske do\u0161a. U svatove triba i\u0107i, ja o\u0107u ponit \u0107a\u0107ine gusle, \u0107a\u0107a neda. Ja usi\u010dem kljen, popola ga rascipim i napravim dvoje gusle, bolje nego \u0107a\u0107ine, i otada sam po\u010deja praviti gusle\u201c, kazao je Ante.&nbsp;&nbsp; <\/p>\n<p>Izradom lijerica po\u010deo se baviti prije nekih 10-12 godina. Gledao je kako Zlatko Glavini\u0107 izra\u0111uje lijericu i ka\u017ee o\u010dima mu je&nbsp; ukrao kako se izra\u0111uje lijerica.<br \/><img decoding=\"async\" style=\"margin-top: 6px; margin-right: 0px; margin-bottom: 6px;\" src=\"http:\/\/www.hum.ba\/images\/stories\/2013\/galerije\/ante_mucic_antes_2\/ante_mucic_antas_umjetnik_u_izradi_tradicijskih_instrumenata_7.jpg\" alt=\"ljubuski\" width=\"525\" \/><br \/>Pored svoje zbirke tradicijskih predmeta, Ante broji mnoge nagrade i priznanja za o\u010duvanje, svoje ba\u0161tine. Posjetio je brojna mjesta od Kanade do Australije i podsjetio na\u0161e iseljenike da nikad ne zaborave svoje korijene. &nbsp;<\/p>\n<p style=\"text-align: justify;\">&nbsp;<\/p>\n<p style=\"text-align: right;\"><span style=\"font-size: 8pt;\"><strong>Mi Media I hum.ba<\/strong><\/span><\/p>\n","protected":false},"excerpt":{"rendered":"<div class=\"mh-excerpt\"><p>Ante Muci\u0107 \u2013Antas&nbsp; zaljubljenik&nbsp; je u izradu tradicionalnih instrumenata i mo\u017eemo svakako re\u0107i \u010duvar kulturne ba\u0161tine svog kraja.&nbsp; Iako je <a class=\"mh-excerpt-more\" href=\"https:\/\/ljportal.com\/arhiva\/ante-mucic-antas-umjetnik-u-izradi-tradicijskih-instrumenata\/\" title=\"Ante Muci\u0107-Antas, umjetnik u izradi tradicijskih instrumenata\">&#8230;<\/a><\/p>\n<\/div>","protected":false},"author":1,"featured_media":15844,"comment_status":"open","ping_status":"open","sticky":false,"template":"","format":"standard","meta":{"footnotes":""},"categories":[19],"tags":[],"class_list":["post-15845","post","type-post","status-publish","format-standard","has-post-thumbnail","hentry","category-drustvo-drustvo"],"_links":{"self":[{"href":"https:\/\/ljportal.com\/arhiva\/wp-json\/wp\/v2\/posts\/15845","targetHints":{"allow":["GET"]}}],"collection":[{"href":"https:\/\/ljportal.com\/arhiva\/wp-json\/wp\/v2\/posts"}],"about":[{"href":"https:\/\/ljportal.com\/arhiva\/wp-json\/wp\/v2\/types\/post"}],"author":[{"embeddable":true,"href":"https:\/\/ljportal.com\/arhiva\/wp-json\/wp\/v2\/users\/1"}],"replies":[{"embeddable":true,"href":"https:\/\/ljportal.com\/arhiva\/wp-json\/wp\/v2\/comments?post=15845"}],"version-history":[{"count":0,"href":"https:\/\/ljportal.com\/arhiva\/wp-json\/wp\/v2\/posts\/15845\/revisions"}],"wp:featuredmedia":[{"embeddable":true,"href":"https:\/\/ljportal.com\/arhiva\/wp-json\/wp\/v2\/media\/15844"}],"wp:attachment":[{"href":"https:\/\/ljportal.com\/arhiva\/wp-json\/wp\/v2\/media?parent=15845"}],"wp:term":[{"taxonomy":"category","embeddable":true,"href":"https:\/\/ljportal.com\/arhiva\/wp-json\/wp\/v2\/categories?post=15845"},{"taxonomy":"post_tag","embeddable":true,"href":"https:\/\/ljportal.com\/arhiva\/wp-json\/wp\/v2\/tags?post=15845"}],"curies":[{"name":"wp","href":"https:\/\/api.w.org\/{rel}","templated":true}]}}