{"id":15849,"date":"2013-02-26T16:18:29","date_gmt":"2013-02-26T15:18:29","guid":{"rendered":"https:\/\/ljportal.com\/arhiva\/2013\/02\/26\/izlozba-aktovi-akademske-slikarice-tamare-grbavac\/"},"modified":"2013-02-26T16:18:29","modified_gmt":"2013-02-26T15:18:29","slug":"izlozba-aktovi-akademske-slikarice-tamare-grbavac","status":"publish","type":"post","link":"https:\/\/ljportal.com\/arhiva\/izlozba-aktovi-akademske-slikarice-tamare-grbavac\/","title":{"rendered":"Izlo\u017eba \u201eAktovi\u201c akademske slikarice Tamare Grbavac"},"content":{"rendered":"<p style=\"text-align: justify;\">Izlo\u017eba &#8220;Aktovi&#8221; ljubu\u0161ke umjetnice Tamare Grbavac i njezinih kolega, Ivane Glibote i Vilima Pari\u0107a, otvorena je u petak u mostarskom Centru za kulturu.<\/p>\n<p style=\"text-align: justify;\">Ovih troje umjetnika predstavili su se s po 15 slika kroz koje su prikazali status \u017eene u suvremenom dru\u0161tvu,<\/p>\n<p>  <!--more-->  <\/p>\n<p style=\"text-align: justify;\">to\u010dnije \u017eenin polo\u017eaj u kojem se ona sve vi\u0161e gleda kao seksualni objekt. Slike su nastale putem konstantnog preispitivanja u\u010dinjenog, putem kojeg se povr\u0161ina slike obra\u0111uje isprepli\u0107u\u0107i nano\u0161enje i redukciju.<\/p>\n<p style=\"text-align: justify;\">Ovaj ciklus je do sada izlagan u Dubrovniku te je na zajedni\u010dku inicijativu umjetnika ponu\u0111en Centru za kulturu u Mostaru.<\/p>\n<p style=\"text-align: justify;\"><img loading=\"lazy\" decoding=\"async\" class=\" size-full wp-image-15847\" style=\"margin-top: 6px; margin-right: 0px; margin-bottom: 6px; vertical-align: top;\" src=\"https:\/\/ljportal.com\/arhiva\/wp-content\/uploads\/2013\/02\/novo_2013_tamara_slike4.jpg\" alt=\"tamara slike4\" width=\"535\" height=\"357\" srcset=\"https:\/\/ljportal.com\/arhiva\/wp-content\/uploads\/2013\/02\/novo_2013_tamara_slike4.jpg 800w, https:\/\/ljportal.com\/arhiva\/wp-content\/uploads\/2013\/02\/novo_2013_tamara_slike4-300x200.jpg 300w, https:\/\/ljportal.com\/arhiva\/wp-content\/uploads\/2013\/02\/novo_2013_tamara_slike4-768x513.jpg 768w\" sizes=\"auto, (max-width: 535px) 100vw, 535px\" \/><\/p>\n<p style=\"text-align: justify;\">-Tamara, Ivana i Vilim u tehni\u010dkom smislu do svog djela dolaze konstantnim preispitivanjem u\u010dinjenog. Oni povr\u0161inu slike obra\u0111uju isprepli\u0107u\u0107i nano\u0161enje i redukciju. Vilim po\u010dinje rad lirskim notama akvarela, zatim crnu plohu torza stru\u017ee tra\u017ee\u0107i skriveno. Usne mame na poljubac koji spaja, prema kojem drugi dio cjeline nagonski ide. To je pristup jedne mu\u0161ke osobe. Sasvim lijep i prirodno funkcionalan prema ne\u010demu \u0161to je dijelom poznato, \u0161to privla\u010di, dr\u017ei distancu, prema \u010demu se ima odnos, s \u010dim se ima odnos, prema ne\u010demu \u0161to nismo mi, ne\u010demu \u0161to stoji nasuprot.<\/p>\n<p style=\"text-align: justify;\">Ivanin kut je malo druga\u010diji, ona je \u017eenska osoba, druk\u010dije ustrojen um, druga\u010diji problemi su joj blizu. Njoj \u017eensko tijelo nije nepoznato, kao ni razmi\u0161ljanje o omalova\u017eavanju \u017eene u modernom dru\u0161tvu, zadnjih nekoliko tisu\u0107a godina. Ona koristi mno\u0161tvo materijala, igra se teksturom, nanosi, skida, \u010dedno koristi boju. Akt je kruto izdvojen, definiraju\u0107i svoje dostojanstvo, znaju\u0107i koliko vrijedi. Bez obzira na polo\u017eaj na koji ga je prisilila okolina, oblik zna biti i u pokretu. To je oblik kojim je formulirano poistovje\u0107ivanje plodnosti roditeljice sa svekolikom plodno\u0161\u0107u, svime onim \u0161to nam daje \u017eivot. Ona evocira jednu krajnost klatna dru\u0161tvenog razvoja kada je po\u0161tovanje \u017eene bilo na vrhuncu.<\/p>\n<p style=\"text-align: justify;\">Tamara nanosi, stru\u017ee, pa nanosi, pa stru\u017ee, pa \u0161to god joj do\u0111e da uradi dok ne zavr\u0161i tu sliku, to malo \u010dudovi\u0161te koje viri sa zida. Ona u svom britkom, jednostavnom, iskrenom i drskom smislu za realnost ka\u017ee da je situacija takva, \u017eena je objektivizirana, \u017eelite ovo? Eto vam. U skladnoj kompoziciji i veselom koloritu \u2013 stoji, izme\u0111u ostalog, u predgovoru izlo\u017ebe koji je napisala profesorica povijesti umjetnosti i arheologije Antonija Toli\u0107.<\/p>\n<p style=\"text-align: justify;\"><img loading=\"lazy\" decoding=\"async\" class=\" size-full wp-image-15848\" style=\"margin-top: 6px; margin-right: 0px; margin-bottom: 6px; vertical-align: top;\" src=\"https:\/\/ljportal.com\/arhiva\/wp-content\/uploads\/2013\/02\/novo_2013_tamara_slike5.jpg\" alt=\"tamara slike5\" width=\"535\" height=\"297\" srcset=\"https:\/\/ljportal.com\/arhiva\/wp-content\/uploads\/2013\/02\/novo_2013_tamara_slike5.jpg 800w, https:\/\/ljportal.com\/arhiva\/wp-content\/uploads\/2013\/02\/novo_2013_tamara_slike5-300x167.jpg 300w, https:\/\/ljportal.com\/arhiva\/wp-content\/uploads\/2013\/02\/novo_2013_tamara_slike5-768x426.jpg 768w\" sizes=\"auto, (max-width: 535px) 100vw, 535px\" \/><\/p>\n<p style=\"text-align: justify;\">\u00a0<\/p>\n<p style=\"text-align: right;\"><strong><span style=\"font-size: 8pt;\">radioljubuski.ba<\/span><\/strong><\/p>\n","protected":false},"excerpt":{"rendered":"<div class=\"mh-excerpt\"><p>Izlo\u017eba &#8220;Aktovi&#8221; ljubu\u0161ke umjetnice Tamare Grbavac i njezinih kolega, Ivane Glibote i Vilima Pari\u0107a, otvorena je u petak u mostarskom <a class=\"mh-excerpt-more\" href=\"https:\/\/ljportal.com\/arhiva\/izlozba-aktovi-akademske-slikarice-tamare-grbavac\/\" title=\"Izlo\u017eba \u201eAktovi\u201c akademske slikarice Tamare Grbavac\">&#8230;<\/a><\/p>\n<\/div>","protected":false},"author":1,"featured_media":15846,"comment_status":"open","ping_status":"open","sticky":false,"template":"","format":"standard","meta":{"footnotes":""},"categories":[22],"tags":[],"class_list":["post-15849","post","type-post","status-publish","format-standard","has-post-thumbnail","hentry","category-kultura-kultura"],"_links":{"self":[{"href":"https:\/\/ljportal.com\/arhiva\/wp-json\/wp\/v2\/posts\/15849","targetHints":{"allow":["GET"]}}],"collection":[{"href":"https:\/\/ljportal.com\/arhiva\/wp-json\/wp\/v2\/posts"}],"about":[{"href":"https:\/\/ljportal.com\/arhiva\/wp-json\/wp\/v2\/types\/post"}],"author":[{"embeddable":true,"href":"https:\/\/ljportal.com\/arhiva\/wp-json\/wp\/v2\/users\/1"}],"replies":[{"embeddable":true,"href":"https:\/\/ljportal.com\/arhiva\/wp-json\/wp\/v2\/comments?post=15849"}],"version-history":[{"count":0,"href":"https:\/\/ljportal.com\/arhiva\/wp-json\/wp\/v2\/posts\/15849\/revisions"}],"wp:featuredmedia":[{"embeddable":true,"href":"https:\/\/ljportal.com\/arhiva\/wp-json\/wp\/v2\/media\/15846"}],"wp:attachment":[{"href":"https:\/\/ljportal.com\/arhiva\/wp-json\/wp\/v2\/media?parent=15849"}],"wp:term":[{"taxonomy":"category","embeddable":true,"href":"https:\/\/ljportal.com\/arhiva\/wp-json\/wp\/v2\/categories?post=15849"},{"taxonomy":"post_tag","embeddable":true,"href":"https:\/\/ljportal.com\/arhiva\/wp-json\/wp\/v2\/tags?post=15849"}],"curies":[{"name":"wp","href":"https:\/\/api.w.org\/{rel}","templated":true}]}}