{"id":15873,"date":"2013-02-27T20:09:49","date_gmt":"2013-02-27T19:09:49","guid":{"rendered":"https:\/\/ljportal.com\/arhiva\/2013\/02\/27\/strajk-je-nezakonit-drugi-put\/"},"modified":"2013-02-27T20:09:49","modified_gmt":"2013-02-27T19:09:49","slug":"strajk-je-nezakonit-drugi-put","status":"publish","type":"post","link":"https:\/\/ljportal.com\/arhiva\/strajk-je-nezakonit-drugi-put\/","title":{"rendered":"Op\u0107inski sud opet presudio da je \u0161trajk prosvjetara nezakonit"},"content":{"rendered":"<p style=\"text-align: justify;\">\n<p style=\"text-align: justify;\">Novi zapleti u pravnom i sudskom nadmetanju izme\u0111u Vlade Zapadnohercegova\u010dke \u017eupanije i \u0161kolskih sindikata. Nakon presude \u017dupanijskog suda, ju\u010der je u Op\u0107inskom sudu odr\u017eano novo ro\u010di\u0161te i donesena nova presuda. Op\u0107inski sud je ostao pri svome i ponovno \u0161trajk osnovnih \u0161kola proglasio nezakonitim.<\/p>\n<p>  <!--more-->  <\/p>\n<p style=\"text-align: justify;\">To je medu sindikalnim \u010delnicima ZH \u017eupanije primjeno s velikom nevjericom i iznena\u0111enjem.<\/p>\n<p style=\"text-align: justify;\">&#8211; Op\u0107inski sud se dr\u017eao svojih prvotnih stavova i nama ostaje da se u roku 15 dana ponovno \u017ealimo \u017dupanijskome sudu. Doista smo iznena\u0111eni, \u017dupanijski sud je pobio sve njihove navode u prvostupanjskoj presudi, a oni od njih ne odstupaju ka\u017ee Nevenko Grbavac predsjednik Skup\u0161tine sindikata osnovnih \u0161kola, za dana\u0161nji Ve\u010dernji list. Sindikat srednjih \u0161kola je izgubio spor zbog toga \u0161to u njihovu kolektivnom ugovoru nije utvr\u0111eno koji se poslovi moraju obavijati za vrijeme \u0161trajka, a uo\u010di \u0161trajka nisu pristali na arbitra\u017eu da se odredi koji se to poslovi tijekom \u0161trika ne mogu prekidati. Sindikati prosvjetara s podru\u010dja Zapadnohercegova\u010dke \u017eupanije su odr\u017eali sastanak predsjedni\u0161tava i poslali Vladi Zapadnohercegova\u010dke \u017eupanije dva prijedloga.<\/p>\n<p style=\"text-align: justify;\">Prvi prijedlog je da se pla\u0107a za sije\u010danj obra\u010duna u punom iznosu i Sindikat se obvezuje da \u0107e se svi dani izgubljeni u \u0161triku nadoknaditi. Drugi prijedlog je budu\u0107i daje pla\u0107a ve\u0107 obra\u010dunata i umanjena i ako se to tehni\u010dki ne mo\u017ee promijeniti, voljni su potpisati sporazum o na\u010dinu nadoknade radnih dana i na\u010dinu pla\u0107anja za te dane.<\/p>\n<p style=\"text-align: justify;\">\u00a0<\/p>\n<p style=\"text-align: justify;\">\u2018Op\u0107inski sud u \u0160irokom Brijegu danas (ponedjeljak) donio je odluku kojom je zabranjen i ocijenjen nezakonitim \u0161trajk sindikata zaposlenih u osnovnim i srednjim \u0161kolama ZH\u017d-a zapo\u010det 10. sije\u010dnja. Eventualna \u017ealba sindikata, ne zadr\u017eava izvr\u0161enje ovoga rje\u0161enja. Ovakva odluka suda, utemeljena je na \u010dinjenici da su sindikati povrijedili \u010dlanak 5. zakona o \u0161trajku, a Sud u \u0160irokom Brijegu pozvao se i na presudu Ustavnog suda iz 2005. godine po kojoj pravo na \u0161trajk ne mo\u017ee biti neograni\u010deno, odnosno da je obrazovanje djelatnost od posebnoga dru\u0161tvenog interesa i da interesi i prava djece, sukladno europskim konvencijama, moraju imati prioritet u odnosu na druga prava\u2019 \u2013 pojasnio je nakon prve odluke predsjednik suda Franjo Ravlija.<\/p>\n<p style=\"text-align: justify;\">\u00a0<\/p>\n<p style=\"text-align: right;\"><span style=\"font-size: 8pt;\"><strong>LJ::portal<\/strong><\/span><\/p>\n","protected":false},"excerpt":{"rendered":"<div class=\"mh-excerpt\"><p>Novi zapleti u pravnom i sudskom nadmetanju izme\u0111u Vlade Zapadnohercegova\u010dke \u017eupanije i \u0161kolskih sindikata. Nakon presude \u017dupanijskog suda, ju\u010der je <a class=\"mh-excerpt-more\" href=\"https:\/\/ljportal.com\/arhiva\/strajk-je-nezakonit-drugi-put\/\" title=\"Op\u0107inski sud opet presudio da je \u0161trajk prosvjetara nezakonit\">&#8230;<\/a><\/p>\n<\/div>","protected":false},"author":1,"featured_media":15872,"comment_status":"open","ping_status":"open","sticky":false,"template":"","format":"standard","meta":{"footnotes":""},"categories":[22],"tags":[],"class_list":["post-15873","post","type-post","status-publish","format-standard","has-post-thumbnail","hentry","category-kultura-kultura"],"_links":{"self":[{"href":"https:\/\/ljportal.com\/arhiva\/wp-json\/wp\/v2\/posts\/15873","targetHints":{"allow":["GET"]}}],"collection":[{"href":"https:\/\/ljportal.com\/arhiva\/wp-json\/wp\/v2\/posts"}],"about":[{"href":"https:\/\/ljportal.com\/arhiva\/wp-json\/wp\/v2\/types\/post"}],"author":[{"embeddable":true,"href":"https:\/\/ljportal.com\/arhiva\/wp-json\/wp\/v2\/users\/1"}],"replies":[{"embeddable":true,"href":"https:\/\/ljportal.com\/arhiva\/wp-json\/wp\/v2\/comments?post=15873"}],"version-history":[{"count":0,"href":"https:\/\/ljportal.com\/arhiva\/wp-json\/wp\/v2\/posts\/15873\/revisions"}],"wp:featuredmedia":[{"embeddable":true,"href":"https:\/\/ljportal.com\/arhiva\/wp-json\/wp\/v2\/media\/15872"}],"wp:attachment":[{"href":"https:\/\/ljportal.com\/arhiva\/wp-json\/wp\/v2\/media?parent=15873"}],"wp:term":[{"taxonomy":"category","embeddable":true,"href":"https:\/\/ljportal.com\/arhiva\/wp-json\/wp\/v2\/categories?post=15873"},{"taxonomy":"post_tag","embeddable":true,"href":"https:\/\/ljportal.com\/arhiva\/wp-json\/wp\/v2\/tags?post=15873"}],"curies":[{"name":"wp","href":"https:\/\/api.w.org\/{rel}","templated":true}]}}