{"id":15877,"date":"2013-02-28T13:10:19","date_gmt":"2013-02-28T12:10:19","guid":{"rendered":"https:\/\/ljportal.com\/arhiva\/2013\/02\/28\/troje-ucitelja-skolu-u-selu-cerno-drze-na-zivotu\/"},"modified":"2013-02-28T13:10:19","modified_gmt":"2013-02-28T12:10:19","slug":"troje-ucitelja-skolu-u-selu-cerno-drze-na-zivotu","status":"publish","type":"post","link":"https:\/\/ljportal.com\/arhiva\/troje-ucitelja-skolu-u-selu-cerno-drze-na-zivotu\/","title":{"rendered":"Troje u\u010ditelja \u0161kolu u selu Cerno dr\u017ee na \u017eivotu"},"content":{"rendered":"<p style=\"text-align: justify;\">Na podru\u010dju op\u0107ine Ljubu\u0161ki posljednjih godina rapidno se smanjenje broj djece koja poha\u0111aju podru\u010dne odjele. Tako se zbog znatno smanjenog broja u\u010denika s problemom opstanka suo\u010dava ve\u0107ina podru\u010dnih \u0161kola op\u0107ine Ljubu\u0161ki. Ako jo\u0161 k tome pridodamo lo\u0161e uvjete \u0161kolskih zgrada koje datiraju unatrag pola stolje\u0107a, kakav slu\u010daj imamo sa \u0161kolom u Cernu,<\/p>\n<p>  <!--more-->  <\/p>\n<p style=\"text-align: justify;\">upitan je opstanak \u0161kola.<\/p>\n<p style=\"text-align: justify;\">Upitan opstanak \u0161kola<\/p>\n<p style=\"text-align: justify;\">Prilikom jednog posjeta uo\u010dili smo kako je \u0161kolska zgrada u Cernu u iznimno lo\u0161em stanju. Naime, za vrijeme ki\u0161a dotrajao i tro\u0161an krov propu\u0161ta, a na podovima razreda stoji po\u00a0 nekoliko kanta u koje kaplje voda. Ina\u010de se djeca zimi u ovoj \u0161koli griju jo\u0161 uvijek na pe\u0107i na kruta goriva, koje su se koristile kada su i njihovi roditelji poha\u0111ali osnovnu \u0161kolu.U razgovoru s u\u010diteljem i dvije u\u010diteljice koje trenuta\u010dno predaju djeci ove podru\u010dne \u0161kole, doznali smo mnogo toga. Pero Bebek te Mladenka Luburi\u0107 i Marina Dedi\u0107 su u\u010ditelji u podru\u010dnoj \u0161koli Cerno i u svakom pogledu nastoje da se odr\u017ei \u0161kola na \u017eivotu.<br \/>Jedan od svijetlih primjera je u\u010diteljica Mladenka Luburi\u0107 koja je svojim novim prva\u0161i\u0107ima uredila u\u010dionicu, obojila te je ukrasila prije po\u010detka nastave. Oni smatraju da pored lo\u0161eg izgleda zgrade \u0161kola kao ustanova u Cernu zasigurno ima svoju budu\u0107nost.<br \/>\u201cDjeca ovdje u\u017eivaju u zajedni\u0161tvu, dru\u017eenju, igri i radu. Zajedni\u010dki rad te pa\u017enju koju im mi posvetimo u ovoj \u0161koli, sigurno ne bi dobili u mati\u010dnoj \u0161koli, prije svega, zbog velikog broja u\u010denika i nemogu\u0107nosti jednog u\u010ditelja da to sve stigne\u201d, sla\u017eu se sve troje dodaju\u0107i kako i roditelji ove djece dr\u017ee u interesu da se u podru\u010dnu \u0161kolu treba investirati kako bi \u0161kola, ali i selo opstali.<br \/>\u201cZa idu\u0107u godinu imamo naznake kako \u0107e se ve\u0107 deset novih prva\u0161i\u0107a upisati u podru\u010dni odjel Cerno, \u0161to bi za nas zna\u010dilo mnogo upravo zbog problema koji se javljao posljednjih godina, a to je znatno smanjenje broja u\u010denika u ovoj podru\u010dnoj \u0161koli\u201d, kazao je Bebek dodaju\u0107i kako trenuta\u010dno dvanaest u\u010denika poha\u0111a nastavu u \u010detiri razreda podru\u010dne \u0161kole u Cernu. \u00a0<\/p>\n<p style=\"text-align: justify;\">\u010cekaju pomo\u0107 od Federacije<\/p>\n<p style=\"text-align: justify;\">Predsjednik Mjesne zajednice Cerno Igor Vu\u010di\u0107 sla\u017ee se s na\u0161om konstatacijom lo\u0161eg stanja \u0161kolske zgrade, ali se ne sla\u017ee da je neminovno zatvaranje ove podru\u010dne \u0161kole jer to nije sigurno ni u \u010dijem interesu.<br \/>\u201cSla\u017eem se s time da je \u0161kolska zgrada u lo\u0161em stanju, ali mi se ne predajemo. Zajedno s ravnateljem mati\u010dne O\u0160 \u201cMarko Maruli\u0107\u201d kojoj i pripada podru\u010dna \u0161kola Cerno, Davorinom Medi\u0107em te na\u010delnikom op\u0107ine Nevenkom Barbari\u0107em, ve\u0107 godinama radimo na tome da se ova \u0161kolska zgrada dovede u stanje koje dolikuje jednoj takvoj ustanovi. Me\u0111utim, nedostatkom sredstava i u op\u0107ini i u \u017eupaniji primorani smo bili zadovoljiti se sitnim unutarnjim popravcima, dok ve\u0107i gra\u0111evinski zahvati na krovi\u0161tu zgrade \u010dekaju neka ve\u0107a sredstva od Federacije, na \u010dije smo natje\u010daje podnijeli zahtjeve i aplicirali\u201d, kazao je Vu\u010di\u0107.<br \/>\u201cNadam se da \u0107emo uskoro dobiti sredstva te da \u0107emo obnovom krovi\u0161ta \u0161kolske zgrade urediti tom prilikom i prostore Mjesne zajednice koje planiramo imati u ovoj \u0161kolskoj zgradi\u201d, ka\u017ee Vu\u010di\u0107.<\/p>\n<p style=\"text-align: justify;\">\u00a0<\/p>\n<p style=\"text-align: right;\"><strong><span style=\"font-size: 8pt;\">Ru\u017eica Pulji\u0107 I Dnevni list<\/span><\/strong><\/p>\n","protected":false},"excerpt":{"rendered":"<div class=\"mh-excerpt\"><p>Na podru\u010dju op\u0107ine Ljubu\u0161ki posljednjih godina rapidno se smanjenje broj djece koja poha\u0111aju podru\u010dne odjele. Tako se zbog znatno smanjenog <a class=\"mh-excerpt-more\" href=\"https:\/\/ljportal.com\/arhiva\/troje-ucitelja-skolu-u-selu-cerno-drze-na-zivotu\/\" title=\"Troje u\u010ditelja \u0161kolu u selu Cerno dr\u017ee na \u017eivotu\">&#8230;<\/a><\/p>\n<\/div>","protected":false},"author":1,"featured_media":15876,"comment_status":"open","ping_status":"open","sticky":false,"template":"","format":"standard","meta":{"footnotes":""},"categories":[22],"tags":[],"class_list":["post-15877","post","type-post","status-publish","format-standard","has-post-thumbnail","hentry","category-kultura-kultura"],"_links":{"self":[{"href":"https:\/\/ljportal.com\/arhiva\/wp-json\/wp\/v2\/posts\/15877","targetHints":{"allow":["GET"]}}],"collection":[{"href":"https:\/\/ljportal.com\/arhiva\/wp-json\/wp\/v2\/posts"}],"about":[{"href":"https:\/\/ljportal.com\/arhiva\/wp-json\/wp\/v2\/types\/post"}],"author":[{"embeddable":true,"href":"https:\/\/ljportal.com\/arhiva\/wp-json\/wp\/v2\/users\/1"}],"replies":[{"embeddable":true,"href":"https:\/\/ljportal.com\/arhiva\/wp-json\/wp\/v2\/comments?post=15877"}],"version-history":[{"count":0,"href":"https:\/\/ljportal.com\/arhiva\/wp-json\/wp\/v2\/posts\/15877\/revisions"}],"wp:featuredmedia":[{"embeddable":true,"href":"https:\/\/ljportal.com\/arhiva\/wp-json\/wp\/v2\/media\/15876"}],"wp:attachment":[{"href":"https:\/\/ljportal.com\/arhiva\/wp-json\/wp\/v2\/media?parent=15877"}],"wp:term":[{"taxonomy":"category","embeddable":true,"href":"https:\/\/ljportal.com\/arhiva\/wp-json\/wp\/v2\/categories?post=15877"},{"taxonomy":"post_tag","embeddable":true,"href":"https:\/\/ljportal.com\/arhiva\/wp-json\/wp\/v2\/tags?post=15877"}],"curies":[{"name":"wp","href":"https:\/\/api.w.org\/{rel}","templated":true}]}}