{"id":16260,"date":"2013-03-26T13:35:44","date_gmt":"2013-03-26T12:35:44","guid":{"rendered":"https:\/\/ljportal.com\/arhiva\/2013\/03\/26\/audio-odrzana-sedma-sjednica-ov\/"},"modified":"2013-03-26T13:35:44","modified_gmt":"2013-03-26T12:35:44","slug":"audio-odrzana-sedma-sjednica-ov","status":"publish","type":"post","link":"https:\/\/ljportal.com\/arhiva\/audio-odrzana-sedma-sjednica-ov\/","title":{"rendered":"AUDIO: Odr\u017eana sedma sjednica OV"},"content":{"rendered":"<p style=\"text-align: justify;\">Na sedmoj sjednici OV Ljubu\u0161ki, odr\u017eanoj 25. o\u017eujka, usvojen je prora\u010dun op\u0107ine Ljubu\u0161ki za 2013. godinu u visini od 12, 987.000 KM. Po\u010detak sjednice obilje\u017eio je aktualni sat i vije\u0107ni\u010dka pitanja te sugestije upu\u0107ene op\u0107inskom na\u010delniku Nevenku Barbari\u0107u, a u nastavku razmatrane su ostale to\u010dke dnevnog reda. Od devet to\u010daka, nije usvojena to\u010dka 4.\u00a0<\/p>\n<p>  <!--more-->  <\/p>\n<p style=\"text-align: justify;\">&#8211;\u00a0 Izvje\u0161\u0107e o radu za 2012. godinu i Program rada za 2013. godinu Hrvatske knji\u017enice Ljubu\u0161ki.<\/p>\n<p style=\"text-align: justify;\">Usvojeno je sljede\u0107e:<\/p>\n<ul>\n<li style=\"text-align: justify;\">Izvje\u0161\u0107e o radu za 2012. godinu i Program rada za 2013. godinu Centra za socijalni rad Ljubu\u0161ki,<\/li>\n<li style=\"text-align: justify;\">Izvje\u0161\u0107e o radu za 2012. godinu i Program rada za 2013. godinu Dje\u010djeg vrti\u0107a Ljubu\u0161ki, \u00a0<\/li>\n<li style=\"text-align: justify;\">Izvje\u0161\u0107e o radu za 2012. godinu i Program rada za 2013. godinu JU Ljubu\u0161ki \u0161portski centar,<\/li>\n<li style=\"text-align: justify;\">Izvje\u0161\u0107e o radu za 2012. godinu i Program rada za 2013. godinu JP Radio Ljubu\u0161ki,<\/li>\n<li style=\"text-align: justify;\">Informacija o radu za 2012. godinu i Program rada za 2013. godinu Crvenog kri\u017ea Ljubu\u0161ki,<\/li>\n<li style=\"text-align: justify;\">Prijedlog Odluke o Prora\u010dunu op\u0107ine Ljubu\u0161ki za 2013. godinu,<\/li>\n<li style=\"text-align: justify;\">Prijedlog Odluke o izvr\u0161enju Prora\u010duna op\u0107ine Ljubu\u0161ki za 2013. godinu.<\/li>\n<\/ul>\n<p style=\"text-align: justify;\">http:\/\/www.radioljubuski.ba\/images\/stories\/audio\/sedam_sjednica.mp3<\/p>\n<p style=\"text-align: justify;\">Nakon zavr\u0161etka sjednice izjave za Radio Ljubu\u0161ki dali su predsjednik Kluba vije\u0107nika HDZ 1990 Radoslav Radi\u0161i\u0107 i predsjednik Kluba vije\u0107nika HDZ BiH Tihomir Kvesi\u0107.<br \/>http:\/\/www.radioljubuski.ba\/images\/stories\/audio\/izjave_sedam.mp3<\/p>\n<p style=\"text-align: right;\"><span style=\"font-size: 8pt;\"><strong>radioljubuski.ba<\/strong><\/span><\/p>\n","protected":false},"excerpt":{"rendered":"<div class=\"mh-excerpt\"><p>Na sedmoj sjednici OV Ljubu\u0161ki, odr\u017eanoj 25. o\u017eujka, usvojen je prora\u010dun op\u0107ine Ljubu\u0161ki za 2013. godinu u visini od 12, <a class=\"mh-excerpt-more\" href=\"https:\/\/ljportal.com\/arhiva\/audio-odrzana-sedma-sjednica-ov\/\" title=\"AUDIO: Odr\u017eana sedma sjednica OV\">&#8230;<\/a><\/p>\n<\/div>","protected":false},"author":1,"featured_media":16259,"comment_status":"open","ping_status":"open","sticky":false,"template":"","format":"standard","meta":{"footnotes":""},"categories":[21],"tags":[],"class_list":["post-16260","post","type-post","status-publish","format-standard","has-post-thumbnail","hentry","category-politika-politika"],"_links":{"self":[{"href":"https:\/\/ljportal.com\/arhiva\/wp-json\/wp\/v2\/posts\/16260","targetHints":{"allow":["GET"]}}],"collection":[{"href":"https:\/\/ljportal.com\/arhiva\/wp-json\/wp\/v2\/posts"}],"about":[{"href":"https:\/\/ljportal.com\/arhiva\/wp-json\/wp\/v2\/types\/post"}],"author":[{"embeddable":true,"href":"https:\/\/ljportal.com\/arhiva\/wp-json\/wp\/v2\/users\/1"}],"replies":[{"embeddable":true,"href":"https:\/\/ljportal.com\/arhiva\/wp-json\/wp\/v2\/comments?post=16260"}],"version-history":[{"count":0,"href":"https:\/\/ljportal.com\/arhiva\/wp-json\/wp\/v2\/posts\/16260\/revisions"}],"wp:featuredmedia":[{"embeddable":true,"href":"https:\/\/ljportal.com\/arhiva\/wp-json\/wp\/v2\/media\/16259"}],"wp:attachment":[{"href":"https:\/\/ljportal.com\/arhiva\/wp-json\/wp\/v2\/media?parent=16260"}],"wp:term":[{"taxonomy":"category","embeddable":true,"href":"https:\/\/ljportal.com\/arhiva\/wp-json\/wp\/v2\/categories?post=16260"},{"taxonomy":"post_tag","embeddable":true,"href":"https:\/\/ljportal.com\/arhiva\/wp-json\/wp\/v2\/tags?post=16260"}],"curies":[{"name":"wp","href":"https:\/\/api.w.org\/{rel}","templated":true}]}}