{"id":17114,"date":"2013-06-04T18:17:45","date_gmt":"2013-06-04T16:17:45","guid":{"rendered":"https:\/\/ljportal.com\/arhiva\/2013\/06\/04\/na-svjetskom-prvenstvu-u-dugom-triatlonu-andrej-vistica-osvojio-12-mjesto\/"},"modified":"2013-06-04T18:17:45","modified_gmt":"2013-06-04T16:17:45","slug":"na-svjetskom-prvenstvu-u-dugom-triatlonu-andrej-vistica-osvojio-12-mjesto","status":"publish","type":"post","link":"https:\/\/ljportal.com\/arhiva\/na-svjetskom-prvenstvu-u-dugom-triatlonu-andrej-vistica-osvojio-12-mjesto\/","title":{"rendered":"Na Svjetskom prvenstvu u dugom triatlonu Andrej Vi\u0161tica osvojio 12. mjesto"},"content":{"rendered":"<p style=\"text-align: justify;\">Nakon osvojenog\u00a0 12.mjesta na Europskom prvenstvu u disciplini half-iroman odr\u017eanoj u Barceloni, Andrej Vi\u0161tica\u00a0 je sudjelovao na Svjetskom prvenstvu u dugom triatlonu. Prvenstvo se u subotu odr\u017ealo u Francuskom gradu Belfortu, a zbog hladnog vremena\u00a0 plivanje\u00a0 je\u00a0 otkazano te je format utrke promijenjen\u00a0 na\u00a0 9,5km tr\u010danja, 87 km bicikla i 20 km tr\u010danja.<\/p>\n<p>  <!--more-->  <\/p>\n<p style=\"text-align: justify;\">Na kraju natjecanja je\u00a0 Andrej kao i na Europskom prvenstvu\u00a0 osvojio\u00a0 12 mjesto.<\/p>\n<p style=\"text-align: justify;\">\u201ePo\u0161to mi plivanje nije ja\u010da strana, izmijenjeni format sam vidio kao priliku za zapa\u017eeniji rezultat i plasman me\u0111u prvih 5. Na prvom tr\u010danju sam krenuo jako u nastojanju da ostanem s vode\u0107om grupom. Ovaj put se rizik nije isplatio, pa je ja\u010di tempo na prvom tr\u010danju do\u0161ao na naplatu u ostatku utrke\u201c, istaknuo je Andrej Vi\u0161tica.<\/p>\n<p style=\"text-align: justify;\"><img decoding=\"async\" style=\"margin-top: 6px; margin-right: 0px; margin-bottom: 6px;\" src=\"http:\/\/www.hum.ba\/images\/stories\/2013\/sport\/andrej_12_mjesto_v.jpg\" alt=\"hum\" width=\"525\" \/><\/p>\n<p style=\"text-align: right;\">\u00a0<\/p>\n<p style=\"text-align: right;\"><span style=\"font-size: 8pt;\"><strong>Mi Media | hum.ba<\/strong><\/span><\/p>\n","protected":false},"excerpt":{"rendered":"<div class=\"mh-excerpt\"><p>Nakon osvojenog\u00a0 12.mjesta na Europskom prvenstvu u disciplini half-iroman odr\u017eanoj u Barceloni, Andrej Vi\u0161tica\u00a0 je sudjelovao na Svjetskom prvenstvu u <a class=\"mh-excerpt-more\" href=\"https:\/\/ljportal.com\/arhiva\/na-svjetskom-prvenstvu-u-dugom-triatlonu-andrej-vistica-osvojio-12-mjesto\/\" title=\"Na Svjetskom prvenstvu u dugom triatlonu Andrej Vi\u0161tica osvojio 12. mjesto\">&#8230;<\/a><\/p>\n<\/div>","protected":false},"author":1,"featured_media":17113,"comment_status":"open","ping_status":"open","sticky":false,"template":"","format":"standard","meta":{"footnotes":""},"categories":[20],"tags":[],"class_list":["post-17114","post","type-post","status-publish","format-standard","has-post-thumbnail","hentry","category-sport-sport"],"_links":{"self":[{"href":"https:\/\/ljportal.com\/arhiva\/wp-json\/wp\/v2\/posts\/17114","targetHints":{"allow":["GET"]}}],"collection":[{"href":"https:\/\/ljportal.com\/arhiva\/wp-json\/wp\/v2\/posts"}],"about":[{"href":"https:\/\/ljportal.com\/arhiva\/wp-json\/wp\/v2\/types\/post"}],"author":[{"embeddable":true,"href":"https:\/\/ljportal.com\/arhiva\/wp-json\/wp\/v2\/users\/1"}],"replies":[{"embeddable":true,"href":"https:\/\/ljportal.com\/arhiva\/wp-json\/wp\/v2\/comments?post=17114"}],"version-history":[{"count":0,"href":"https:\/\/ljportal.com\/arhiva\/wp-json\/wp\/v2\/posts\/17114\/revisions"}],"wp:featuredmedia":[{"embeddable":true,"href":"https:\/\/ljportal.com\/arhiva\/wp-json\/wp\/v2\/media\/17113"}],"wp:attachment":[{"href":"https:\/\/ljportal.com\/arhiva\/wp-json\/wp\/v2\/media?parent=17114"}],"wp:term":[{"taxonomy":"category","embeddable":true,"href":"https:\/\/ljportal.com\/arhiva\/wp-json\/wp\/v2\/categories?post=17114"},{"taxonomy":"post_tag","embeddable":true,"href":"https:\/\/ljportal.com\/arhiva\/wp-json\/wp\/v2\/tags?post=17114"}],"curies":[{"name":"wp","href":"https:\/\/api.w.org\/{rel}","templated":true}]}}