{"id":17358,"date":"2013-06-28T09:56:33","date_gmt":"2013-06-28T07:56:33","guid":{"rendered":"https:\/\/ljportal.com\/arhiva\/2013\/06\/28\/srpanj-ce-biti-veoma-topao-sa-paklenim-vrucinama\/"},"modified":"2013-06-28T09:56:33","modified_gmt":"2013-06-28T07:56:33","slug":"srpanj-ce-biti-veoma-topao-sa-paklenim-vrucinama","status":"publish","type":"post","link":"https:\/\/ljportal.com\/arhiva\/srpanj-ce-biti-veoma-topao-sa-paklenim-vrucinama\/","title":{"rendered":"Srpanj \u0107e biti veoma topao sa paklenim vru\u0107inama"},"content":{"rendered":"<\/p>\n<p style=\"text-align: justify;\">\u017deljko Majstorovi\u0107, de\u017eurni sinopti\u010dar u Federalnom hidrometeorolo\u0161kom zavodu, kazao je za Nezavisne novine da \u0107e srpanj, prema dugoro\u010dnoj prognozi, biti veoma topao sa paklenim vru\u0107inama. &#8220;Do kraja ovog tjedna zadr\u017eat \u0107e se ovaj val sa ni\u017eim temperaturama nekarakteristi\u010dnim za ovo doba godine, a ve\u0107 sljede\u0107eg tjedna, odnosno u srpnju,<\/p>\n<p>  <!--more-->  <\/p>\n<p style=\"text-align: justify;\">dugoro\u010dna prognoza pokazuje da temperature opet rastu&#8221;, kazao je Majstorovi\u0107.<\/p>\n<p style=\"text-align: justify;\">\u00a0<\/p>\n<p style=\"text-align: justify;\">On je naveo da \u0107e srpanj biti veoma topao, sa temperaturama iznad vi\u0161egodi\u0161njeg prosjeka, koji iznosi 19,5 Celzijevih stupnjeva i da \u0107e biti pravi ljetni mjesec.<\/p>\n<p style=\"text-align: justify;\">\u00a0<\/p>\n<p style=\"text-align: justify;\">&#8220;U srpnju se mogu o\u010dekivati velike vru\u0107ine i su\u0161a, a konkretnije podatke kao \u0161to su o\u010dekivane maksimalne temperature u srpnju imat \u0107emo sljede\u0107eg tjedna&#8221;, kazao je Majstorovi\u0107.<\/p>\n<p style=\"text-align: right;\"><strong><span style=\"font-size: 8pt;\">abcportal.info<\/span><\/strong><\/p>\n","protected":false},"excerpt":{"rendered":"<div class=\"mh-excerpt\"><p>\u017deljko Majstorovi\u0107, de\u017eurni sinopti\u010dar u Federalnom hidrometeorolo\u0161kom zavodu, kazao je za Nezavisne novine da \u0107e srpanj, prema dugoro\u010dnoj prognozi, biti <a class=\"mh-excerpt-more\" href=\"https:\/\/ljportal.com\/arhiva\/srpanj-ce-biti-veoma-topao-sa-paklenim-vrucinama\/\" title=\"Srpanj \u0107e biti veoma topao sa paklenim vru\u0107inama\">&#8230;<\/a><\/p>\n<\/div>","protected":false},"author":1,"featured_media":13921,"comment_status":"open","ping_status":"open","sticky":false,"template":"","format":"standard","meta":{"footnotes":""},"categories":[19],"tags":[],"class_list":["post-17358","post","type-post","status-publish","format-standard","has-post-thumbnail","hentry","category-drustvo-drustvo"],"_links":{"self":[{"href":"https:\/\/ljportal.com\/arhiva\/wp-json\/wp\/v2\/posts\/17358","targetHints":{"allow":["GET"]}}],"collection":[{"href":"https:\/\/ljportal.com\/arhiva\/wp-json\/wp\/v2\/posts"}],"about":[{"href":"https:\/\/ljportal.com\/arhiva\/wp-json\/wp\/v2\/types\/post"}],"author":[{"embeddable":true,"href":"https:\/\/ljportal.com\/arhiva\/wp-json\/wp\/v2\/users\/1"}],"replies":[{"embeddable":true,"href":"https:\/\/ljportal.com\/arhiva\/wp-json\/wp\/v2\/comments?post=17358"}],"version-history":[{"count":0,"href":"https:\/\/ljportal.com\/arhiva\/wp-json\/wp\/v2\/posts\/17358\/revisions"}],"wp:featuredmedia":[{"embeddable":true,"href":"https:\/\/ljportal.com\/arhiva\/wp-json\/wp\/v2\/media\/13921"}],"wp:attachment":[{"href":"https:\/\/ljportal.com\/arhiva\/wp-json\/wp\/v2\/media?parent=17358"}],"wp:term":[{"taxonomy":"category","embeddable":true,"href":"https:\/\/ljportal.com\/arhiva\/wp-json\/wp\/v2\/categories?post=17358"},{"taxonomy":"post_tag","embeddable":true,"href":"https:\/\/ljportal.com\/arhiva\/wp-json\/wp\/v2\/tags?post=17358"}],"curies":[{"name":"wp","href":"https:\/\/api.w.org\/{rel}","templated":true}]}}