{"id":17359,"date":"2013-06-28T10:21:18","date_gmt":"2013-06-28T08:21:18","guid":{"rendered":"https:\/\/ljportal.com\/arhiva\/2013\/06\/28\/najava-predstavljanje-knjige-uzroci-rata-bosna-i-hercegovina-od-1980-do-1992\/"},"modified":"2013-06-28T10:21:18","modified_gmt":"2013-06-28T08:21:18","slug":"najava-predstavljanje-knjige-uzroci-rata-bosna-i-hercegovina-od-1980-do-1992","status":"publish","type":"post","link":"https:\/\/ljportal.com\/arhiva\/najava-predstavljanje-knjige-uzroci-rata-bosna-i-hercegovina-od-1980-do-1992\/","title":{"rendered":"NAJAVA: Predstavljanje knjige Uzroci rata: Bosna i Hercegovina od 1980. do 1992."},"content":{"rendered":"<p style=\"text-align: justify;\">Ogranak Matice hrvatske Ljubu\u0161ki organizira predstavljanje knjige Uzroci rata: Bosna i Hercegovina od 1980. do 1992. godine autora docenta <strong>dr. sc. Ivice Lu\u010di\u0107a<\/strong>, vi\u0161ega znanstvenog suradnika na Hrvatskom institutu za povijest u Zagrebu. O knjizi \u0107e govoriti <strong>prof. dr. sc. Miroslav Palameta<\/strong>, s Filozofskoga fakulteta Sveu\u010dili\u0161ta u Mostaru<\/p>\n<p>  <!--more-->  <\/p>\n<p style=\"text-align: justify;\">i Sveu\u010dili\u0161ta u Splitu, docent <strong>dr. sc. Ivica \u0160arac<\/strong>, s Filozofskoga fakulteta Sveu\u010dili\u0161ta u Mostaru i sam autor.<\/p>\n<p style=\"text-align: justify;\">Predstavljanje \u0107e se odr\u017eati u Gradskoj vije\u0107nici u Ljubu\u0161kom 3. srpnja 2013. u 20,00 sati.<\/p>\n<p style=\"text-align: justify;\">\u00a0<\/p>\n<p style=\"text-align: right;\"><strong><span style=\"font-size: 8pt;\">LJ::portal<\/span><\/strong><\/p>\n<p style=\"text-align: right;\">\u00a0<\/p>\n<p style=\"text-align: justify;\">\u00a0<\/p>\n<p>\u00a0<\/p>\n<p>\u00a0<\/p>\n","protected":false},"excerpt":{"rendered":"<div class=\"mh-excerpt\"><p>Ogranak Matice hrvatske Ljubu\u0161ki organizira predstavljanje knjige Uzroci rata: Bosna i Hercegovina od 1980. do 1992. godine autora docenta dr. <a class=\"mh-excerpt-more\" href=\"https:\/\/ljportal.com\/arhiva\/najava-predstavljanje-knjige-uzroci-rata-bosna-i-hercegovina-od-1980-do-1992\/\" title=\"NAJAVA: Predstavljanje knjige Uzroci rata: Bosna i Hercegovina od 1980. do 1992.\">&#8230;<\/a><\/p>\n<\/div>","protected":false},"author":1,"featured_media":16242,"comment_status":"open","ping_status":"open","sticky":false,"template":"","format":"standard","meta":{"footnotes":""},"categories":[22],"tags":[],"class_list":["post-17359","post","type-post","status-publish","format-standard","has-post-thumbnail","hentry","category-kultura-kultura"],"_links":{"self":[{"href":"https:\/\/ljportal.com\/arhiva\/wp-json\/wp\/v2\/posts\/17359","targetHints":{"allow":["GET"]}}],"collection":[{"href":"https:\/\/ljportal.com\/arhiva\/wp-json\/wp\/v2\/posts"}],"about":[{"href":"https:\/\/ljportal.com\/arhiva\/wp-json\/wp\/v2\/types\/post"}],"author":[{"embeddable":true,"href":"https:\/\/ljportal.com\/arhiva\/wp-json\/wp\/v2\/users\/1"}],"replies":[{"embeddable":true,"href":"https:\/\/ljportal.com\/arhiva\/wp-json\/wp\/v2\/comments?post=17359"}],"version-history":[{"count":0,"href":"https:\/\/ljportal.com\/arhiva\/wp-json\/wp\/v2\/posts\/17359\/revisions"}],"wp:featuredmedia":[{"embeddable":true,"href":"https:\/\/ljportal.com\/arhiva\/wp-json\/wp\/v2\/media\/16242"}],"wp:attachment":[{"href":"https:\/\/ljportal.com\/arhiva\/wp-json\/wp\/v2\/media?parent=17359"}],"wp:term":[{"taxonomy":"category","embeddable":true,"href":"https:\/\/ljportal.com\/arhiva\/wp-json\/wp\/v2\/categories?post=17359"},{"taxonomy":"post_tag","embeddable":true,"href":"https:\/\/ljportal.com\/arhiva\/wp-json\/wp\/v2\/tags?post=17359"}],"curies":[{"name":"wp","href":"https:\/\/api.w.org\/{rel}","templated":true}]}}