{"id":17373,"date":"2013-06-29T12:49:31","date_gmt":"2013-06-29T10:49:31","guid":{"rendered":"https:\/\/ljportal.com\/arhiva\/2013\/06\/29\/ceste-su-napravljene-da-nas-spajaju-a-ne-razdvajaju\/"},"modified":"2013-06-29T12:49:31","modified_gmt":"2013-06-29T10:49:31","slug":"ceste-su-napravljene-da-nas-spajaju-a-ne-razdvajaju","status":"publish","type":"post","link":"https:\/\/ljportal.com\/arhiva\/ceste-su-napravljene-da-nas-spajaju-a-ne-razdvajaju\/","title":{"rendered":"Ceste su napravljene da nas spajaju, a ne razdvajaju!"},"content":{"rendered":"<\/p>\n<p style=\"text-align: justify;\">U ponedjeljak, 1. srpnja to\u010dno u 11 sati mje\u0161tani Crvenog Grma i Prologa te mje\u0161tani nekoliko mjesnih zajednica sa strane granice RH blokirat \u0107e tzv. &#8216;Jelavi\u0107a&#8217; cestu u Podprologu i trenuta\u010dno frekventnu &#8216;Napoleonovu&#8217; cestu u Velikom Prologu.<br \/>Razlog blokada je zatvaranje malograni\u010dnog prijelaza Prolog BiH \u2013 Veliki Prolog RH<\/p>\n<p>  <!--more-->  <\/p>\n<p style=\"text-align: justify;\">, kojeg bi policajci trebali napustiti tako\u0111er u ponedjeljak.<\/p>\n<p style=\"text-align: justify;\">\u00a0<\/p>\n<p style=\"text-align: justify;\"><strong>Peticija nije pomogla<\/strong><\/p>\n<p style=\"text-align: justify;\">\u00a0<\/p>\n<p style=\"text-align: justify;\">Me\u0111u mje\u0161tanima vrgora\u010dkih sela: Velikog Prologa, Milo\u0161i\u0107a, Dusine, Dra\u017eeviti\u0107a i Um\u010dana, te stanovnicima ljubu\u0161kih sela poput Prologa i Crvenog Grma ve\u0107 neko vrijeme se pri\u010da kako bi se prijelaz Veliki Prolog \u2212 Prolog uskoro mogao zatvoriti. Stoga su odlu\u010dili uzeti stvari u svoje ruke te poslati peticiju s brojnim potpisima nadle\u017enim institucijama u RH: PU splitsko-dalmatinskoj, MUP-u te i bh. nadle\u017enim institucijama.<br \/>No, o\u010dito je da pismeni zahtjevi prema nadle\u017enim institucijama nisu urodili plodom, pa su se mje\u0161tani odlu\u010dili za radikalne poteze.<\/p>\n<p style=\"text-align: justify;\">Kako doznajemo, &#8216;Jelavi\u0107a&#8217; cesta u Podprologu bit \u0107e blokirana sve do ispunjenja zahtjeva, a mje\u0161tani nekoliko vrgora\u010dkih mjesnih zajednica obustavit \u0107e promet na &#8216;Napoleonovoj&#8217; cesti na 1 sat, \u0161to \u0107e svakako u Vrgorcu prouzro\u010diti velike prometne gu\u017eve.<\/p>\n<p style=\"text-align: justify;\">\u00a0<\/p>\n<p style=\"text-align: justify;\"><strong>Negodovanje<\/strong><\/p>\n<p style=\"text-align: justify;\">\u00a0<\/p>\n<p style=\"text-align: justify;\">Mje\u0161tani Prologa i Crvenog Grma podr\u017eavaju svoje susjede osje\u0107aju\u0107i opravdani strah od ukidanja MGP-a Prolog. Oni su zajedno sa svojim susjedima iz RH nedavno izlazili na grani\u010dni prijelaz kako bi izrazili svoje negodovanje.<\/p>\n<p style=\"text-align: justify;\">\u201cOvaj problem nije od ju\u010der. Jo\u0161 od 2003. godine od nekih &#8216;lokalnih \u0161erifa&#8217; iz BiH poku\u0161alo se sa zatvaranjem ovog malograni\u010dnog prijelaza. Te godine bili smo ponukani blokirati ovaj prijelaz kako bi se mje\u0161tani mogli slobodno kretati. Tada je ovaj prijelaz dobio status privremenog grani\u010dnog prijelaza te smo se nadali da \u0107emo do 2004. godine dobiti status pograni\u010dnog prijelaza, \u0161to se nije dogodilo\u201d, kazao je tada Damir Dodig, predsjednik MZ-a Prolog. Prema njemu, nelogi\u010dno je da se MGP Prolog zatvori budu\u0107i da svaki dan netko od 180 obitelji, koliko ih \u017eivi u ovom pograni\u010dnom dijelu, prelazi granicu. Tako \u0107e prvi dan RH u EU-u na vrgora\u010dkom podru\u010dju prote\u0107i u znaku prosvjeda, jer mje\u0161tani s obje strane granice ka\u017eu: \u201cCeste su napravljene da nas spajaju, a ne razdvajaju!\u201d<\/p>\n<p style=\"text-align: justify;\">\u00a0<\/p>\n<p style=\"text-align: right;\"><strong><span style=\"font-size: 8pt;\">Mirela Tu\u010di\u0107 | dnevni-list.ba<\/span><\/strong><\/p>\n","protected":false},"excerpt":{"rendered":"<div class=\"mh-excerpt\"><p>U ponedjeljak, 1. srpnja to\u010dno u 11 sati mje\u0161tani Crvenog Grma i Prologa te mje\u0161tani nekoliko mjesnih zajednica sa strane <a class=\"mh-excerpt-more\" href=\"https:\/\/ljportal.com\/arhiva\/ceste-su-napravljene-da-nas-spajaju-a-ne-razdvajaju\/\" title=\"Ceste su napravljene da nas spajaju, a ne razdvajaju!\">&#8230;<\/a><\/p>\n<\/div>","protected":false},"author":1,"featured_media":17372,"comment_status":"open","ping_status":"open","sticky":false,"template":"","format":"standard","meta":{"footnotes":""},"categories":[19],"tags":[],"class_list":["post-17373","post","type-post","status-publish","format-standard","has-post-thumbnail","hentry","category-drustvo-drustvo"],"_links":{"self":[{"href":"https:\/\/ljportal.com\/arhiva\/wp-json\/wp\/v2\/posts\/17373","targetHints":{"allow":["GET"]}}],"collection":[{"href":"https:\/\/ljportal.com\/arhiva\/wp-json\/wp\/v2\/posts"}],"about":[{"href":"https:\/\/ljportal.com\/arhiva\/wp-json\/wp\/v2\/types\/post"}],"author":[{"embeddable":true,"href":"https:\/\/ljportal.com\/arhiva\/wp-json\/wp\/v2\/users\/1"}],"replies":[{"embeddable":true,"href":"https:\/\/ljportal.com\/arhiva\/wp-json\/wp\/v2\/comments?post=17373"}],"version-history":[{"count":0,"href":"https:\/\/ljportal.com\/arhiva\/wp-json\/wp\/v2\/posts\/17373\/revisions"}],"wp:featuredmedia":[{"embeddable":true,"href":"https:\/\/ljportal.com\/arhiva\/wp-json\/wp\/v2\/media\/17372"}],"wp:attachment":[{"href":"https:\/\/ljportal.com\/arhiva\/wp-json\/wp\/v2\/media?parent=17373"}],"wp:term":[{"taxonomy":"category","embeddable":true,"href":"https:\/\/ljportal.com\/arhiva\/wp-json\/wp\/v2\/categories?post=17373"},{"taxonomy":"post_tag","embeddable":true,"href":"https:\/\/ljportal.com\/arhiva\/wp-json\/wp\/v2\/tags?post=17373"}],"curies":[{"name":"wp","href":"https:\/\/api.w.org\/{rel}","templated":true}]}}