{"id":17377,"date":"2013-06-29T14:03:12","date_gmt":"2013-06-29T12:03:12","guid":{"rendered":"https:\/\/ljportal.com\/arhiva\/2013\/06\/29\/apostolski-prvaci\/"},"modified":"2013-06-29T14:03:12","modified_gmt":"2013-06-29T12:03:12","slug":"apostolski-prvaci","status":"publish","type":"post","link":"https:\/\/ljportal.com\/arhiva\/apostolski-prvaci\/","title":{"rendered":"Apostolski prvaci"},"content":{"rendered":"<p style=\"text-align: justify;\">U Rimu su po\u010deli slaviti blagdan apostolskih prvaka sv. Petra i Pavla od polovine 3. st. na dana\u0161nji datum. Isus je, prolaze\u0107i pokraj Genezaretskoj jezera ugledao dvojcu bra\u0107e \u0160imuna i Andriju, sinove Jonine (ili Ivanove) kako bacaju mre\u017ee. Pozvao ih je da budu njegovi u\u010denici, najbli\u017ei suradnici, apostoli:<\/p>\n<p>  <!--more-->  <\/p>\n<p style=\"text-align: justify;\">\u201cPo\u0111ite za mnom i u\u010dinit \u0107u vas ribarima ljudi\u201c.<\/p>\n<p style=\"text-align: justify;\">Isus je \u0160imunu dao ime Petar, (lat. Petrus: stijena). Kad je Petar ispovijedio da je Isus Krist Sin Boga \u017eivoga Isus mu re\u010de: \u201cBlago tebi, \u0160imune, Jonin sine, jer tebi to ne objavi tijelo i krv nego Otac moj nebeski. A ja tebi ka\u017eem: Ti si Petar \u2013 Stijena, i na toj stijeni sagradit \u0107u Crkvu svoju\u201c. Luka izvje\u0161\u0107uje da je Isus zamolio \u0160imuna da ga izveze s la\u0111icom na pu\u010dinu Genezaretskog jezera. \u010cim su izvezli, zamolio ih je da bace mre\u017ee u vodu za lov. Oni, iskusni ribari, cijelu no\u0107 nisu ni\u0161a ulovili, a sada trebaju po danu loviti. Iako im je to bilo nerazumno, Petar baca u vodu mre\u017ee. Uhvati\u0161e mnogo riba. Petar je ostao bez komentara. Pao je ni\u010dice pred Isusa i priznao da je gre\u0161an \u010dovjek. Isus re\u010de Petru: \u201cNe boj se! Od sada \u0107e\u0161 ljude loviti\u201c. Isus je bio u Petrovoj ku\u0107i. U njoj je objedovao i lije\u010dio. Nakon \u0161to su ga mnogi u\u010denici napustili, Isus upita dvanaestoricu za vjernost. U ime svih njih, Petar je odgovorio: \u201cGospodine, komu \u0107emo oti\u0107i? Ti ima\u0161 rije\u010di vje\u010dnoga \u017eivota. Mi vjerujemo i znamo da si ti Svetac Bo\u017eji.\u201c Petar je s Jakovom i Ivanom zauzimao posebno mjesto me\u0111u apostolima. Bio je na gori Preobra\u017eenja. Svjedok je Isusova preobra\u017eenja. \u010cesto je govorio u ime u\u010denika. Petar nije imao snage pred slu\u0161kinjom priznati da je Isusov u\u010denik. Tri puta ga je zatajio. Kad je to u\u010dinio, prisjetio se Isusovih rije\u010di: \u201cPrije nego pijetao zapjeva, triput \u0107e\u0161 me zatajiti\u201c. Nakon toga, Petar je zaplakao. Isus se ukazao Petru i u\u010denicima koji su lovili ribu s njim na Tiberijadskom jezeru. Kad su ugledali Isusa na obali, Petar nije mogao \u010dekati la\u0111u, nego je usko\u010dio u vodu i doplivao do Isusa. Nakon doru\u010dka, Isusa zapo\u010de i dijalog s Petrom. Tri puta upitao ga je: \u201c\u0160imune, sine Ivanov, ljubi\u0161 li me?\u201c Svaki put Petar je odgovorio potvrdno. A Isus bi nakon Petrova odgovora rekao: \u201cPasi jaganjce moje!\u201c Nakon Isusova tre\u0107eg pitanja, Petar se ra\u017ealostio i u suzama odgovorio: \u201cGospodine, ti zna\u0161 sve. Ti zna\u0161 da te ljubim\u201c. Petar je nakon Isusova uza\u0161a\u0161\u0107a predvodio zajednicu u molitvi i navije\u0161tanju. Ostale su nam od njega dvije poslanice. Mu\u010deni\u010dki je stradao u Rimu za vrijeme cara Nerona oko 67. godine.<\/p>\n<p style=\"text-align: justify;\">Sveti Pavao, koji je imao i \u017eidovsko ime Savao (\u0160aul) od progonitelja kr\u0161\u0107ana postao je veliki apostol, misionar, navjestitelj evan\u0111elja, u\u010ditelj naroda, pisac brojnih poslanica. Ro\u0111en je u maloazijskoj pokrajini Ciliciji, u gradu Tarzu, izme\u0111u 5. i 10. godine. Svagda\u0161nji kruh zara\u0111ivao je i izra\u0111uju\u0107i \u0161atore. Zavr\u0161io je \u0161kolovanje u Jeruzalemu, kod rabina Gamaliela. Iznimno dobro je poznavao \u017eidovsku i helenisti\u010dku kulturu. U svagda\u0161njoj komunikaciji bio je vrlo uspje\u0161an zahvaljuju\u0107i poznavanju aramejskog, hebrejskog i gr\u010dkog jezika. Bio je \u010dlan farizejske sljedbe. Imao je rimskog gra\u0111ansko pravo. Sredi\u0161nja trenutak njegova \u017eivota bija\u0161e doga\u0111aj u Siriji, ispred grada Damaska. Nakon \u0161to je odobravao ubojstvo \u0111akona Stjepana i progonio Gospodinove u\u010denike u Jeruzalemu, uputio se u Damask, s dopu\u0161tenjem Sinedrija, otkriti, pohvatati i dovesti u Jeruzalem kr\u0161\u0107ane. Prije ulaska u Damask, obasjala ga svjetlost s neba. \u010cuo je Isusov glas: \u201cSavle, Savle, za\u0161to me progoni\u0161?\u201c. Nakon dijaloga Isus ga \u0161alje u grad Ananiji koji ga prima u kr\u0161\u0107ansku zajednicu. Pavao je susretao brojne osobe na svojim putovanjima. Svakako, u najzna\u010dajniji susret spada susret s Petrom, prvakom apostola, u Jeruzalemu tri godine nakon doga\u0111aj pred Damaskom. Prvi susret apostolskih prvaka trajao je 15 dana. Upoznali su jedan drugog i izmijenili svoja iskustva vjere. Pavao je imao tri velika misijska putovanja: prvo od 45. do 49., drugo od 49. do 52., te tre\u0107e od 53. do 58. Sudjelovao je na Saboru u Jeruzalemu 49. godine. Vi\u0161e puta je zatvaran, posebno u Cezareji dvije godine i u Rimu dvije godine. Uhva\u0107en je ponovno 66., a pogubljen 67. poslije Krista u Rimu. Korint, grad u Ahaji, bio je jedan od ve\u0107ih gradova u kojima je propovijedao taj neumorni misionar. U Korintu bija\u0161e posebno izme\u0111u 50. i 52. poslije Krista. Iako su mnogi Korin\u0107ani pristupili vjeri, me\u0111u njima i nadstojnik sinagoge Krisp s obitelji, Pavao je bio jednom nezadovoljan i tu\u017ean. Ohrabrio ga je u vi\u0111enju Isus rije\u010dima: \u201cNe boj se! Nastavi govoriti i da nisu u\u0161utio! Ja sam s tobom\u201c. I Pavao je pogubljen u Rimu 67. poslije Krista. Dvojica apostolskih prvaka obogatili su Crkvu. I nas sve kr\u0161\u0107ane Crkva poziva da obogatimo Nju, a i prostor u kojem \u017eivimo!<\/p>\n<p style=\"text-align: justify;\">\u00a0<\/p>\n<p style=\"text-align: right;\"><span style=\"font-size: 8pt;\"><strong>fra Iko Skoko | Ve\u010dernji list<\/strong><\/span><\/p>\n","protected":false},"excerpt":{"rendered":"<div class=\"mh-excerpt\"><p>U Rimu su po\u010deli slaviti blagdan apostolskih prvaka sv. Petra i Pavla od polovine 3. st. na dana\u0161nji datum. Isus <a class=\"mh-excerpt-more\" href=\"https:\/\/ljportal.com\/arhiva\/apostolski-prvaci\/\" title=\"Apostolski prvaci\">&#8230;<\/a><\/p>\n<\/div>","protected":false},"author":1,"featured_media":17376,"comment_status":"open","ping_status":"open","sticky":false,"template":"","format":"standard","meta":{"footnotes":""},"categories":[25],"tags":[],"class_list":["post-17377","post","type-post","status-publish","format-standard","has-post-thumbnail","hentry","category-kolumne-kolumne"],"_links":{"self":[{"href":"https:\/\/ljportal.com\/arhiva\/wp-json\/wp\/v2\/posts\/17377","targetHints":{"allow":["GET"]}}],"collection":[{"href":"https:\/\/ljportal.com\/arhiva\/wp-json\/wp\/v2\/posts"}],"about":[{"href":"https:\/\/ljportal.com\/arhiva\/wp-json\/wp\/v2\/types\/post"}],"author":[{"embeddable":true,"href":"https:\/\/ljportal.com\/arhiva\/wp-json\/wp\/v2\/users\/1"}],"replies":[{"embeddable":true,"href":"https:\/\/ljportal.com\/arhiva\/wp-json\/wp\/v2\/comments?post=17377"}],"version-history":[{"count":0,"href":"https:\/\/ljportal.com\/arhiva\/wp-json\/wp\/v2\/posts\/17377\/revisions"}],"wp:featuredmedia":[{"embeddable":true,"href":"https:\/\/ljportal.com\/arhiva\/wp-json\/wp\/v2\/media\/17376"}],"wp:attachment":[{"href":"https:\/\/ljportal.com\/arhiva\/wp-json\/wp\/v2\/media?parent=17377"}],"wp:term":[{"taxonomy":"category","embeddable":true,"href":"https:\/\/ljportal.com\/arhiva\/wp-json\/wp\/v2\/categories?post=17377"},{"taxonomy":"post_tag","embeddable":true,"href":"https:\/\/ljportal.com\/arhiva\/wp-json\/wp\/v2\/tags?post=17377"}],"curies":[{"name":"wp","href":"https:\/\/api.w.org\/{rel}","templated":true}]}}