{"id":17698,"date":"2013-07-29T12:29:15","date_gmt":"2013-07-29T10:29:15","guid":{"rendered":"https:\/\/ljportal.com\/arhiva\/2013\/07\/29\/foto-krizni-put-i-sveta-misa-na-ljubuskim-grobovima\/"},"modified":"2013-07-29T12:29:15","modified_gmt":"2013-07-29T10:29:15","slug":"foto-krizni-put-i-sveta-misa-na-ljubuskim-grobovima","status":"publish","type":"post","link":"https:\/\/ljportal.com\/arhiva\/foto-krizni-put-i-sveta-misa-na-ljubuskim-grobovima\/","title":{"rendered":"FOTO: Kri\u017eni Put i sveta Misa na Ljubu\u0161kim Grobovima"},"content":{"rendered":"<p style=\"text-align: justify;\">U nedjelju smo slavili na Ljubu\u0161kim Grobovima na Orugici Kri\u017eni put i svetu Misu, po ve\u0107 ustaljenom rasporedu i obi\u010daju u na\u0161oj \u017eupi Izbi\u010dno. Ovdje je, naime, red svake zadnje nedjelje u srpnju i ve\u0107 obi\u010daj da se slavi i \u010dini Kri\u017eni put na ovom brdu i da se slavi sveta Misa u kapelici kod posljenje XIV. postaje Kri\u017enoga puta.<\/p>\n<p>  <!--more-->  <\/p>\n<p style=\"text-align: justify;\">Najavljeno i posebno hodo\u010da\u0161\u0107e biciklista, i to onih brdskih &#8220;teretnih&#8221; &#8211; monbyke. Tako\u0111er je najavljena i vremenska nepogoda visokih temperatura. Kako je \u0161to najavljeno i planirano, hvala Bogu, tako je i ostvareno. Slavili smo Kri\u017eni put i svetu Misu, blagoslovili bicikla i hodo\u010dasnike, temperatura je bila previsoka i prije po\u010detka, kako kazuje slika, ali sve je bilo u naj i naj redu. \u010cak je bilo i malo povjetarca, ali i dovoljno vode \u0161to su je Pu\u0161kanovi\u0107i donijeli i prije samoga po\u010detka, a da ne govorimo kasnije uz zakusku.<\/p>\n<p style=\"text-align: justify;\">Nagla\u0161avao sam smisao molitve i pokore, po dana\u0161njoj poruci svete Mise i dana\u0161njim misnim \u010ditanjima i dostojanstvo u sudjelovanju u vjerskim obredima. To je bila posebna radost vidjeti upravo dostojanstvo vjerni\u010dkoga dr\u017eanja, muka i ti\u0161ine. Cvr\u010dcima i vrapcima, odnosno sjenicama i pokoj \u017euni nismo mogli ni\u0161ta re\u0107i, ali nemamo ni \u0161to zamjeriti, hvala Bogu, ni sudionicima ovoga hodo\u010dasni\u010dkoga sudjelovanja u slavljenju svete Mise i Kri\u017enoga puta danas na Orugici, odnosno na Ljubu\u0161kim Grobovima. Ponajprije hvala Bogu na svemu i za sve, a dakako i onda organizatorima &#8220;biciklijade&#8221; i cijele zakuske. Iznenadio nas je broj biciklista na ovoj visini i na ovom terenu. Njih je bilo sedamdesetak, \u0161to zorno kazuju fotografije, ali i spomen knjiga koju sam uru\u010dio svim biciklistima. Do\u0161li su biciklima iz Ljubu\u0161koga, a me\u0111u prvima Sa\u0161a Tomi\u0107, pa iz Uzari\u0107a, Mostara, Izbi\u010dna, Britvica, te na posljetku tu su i vrijedni \u010dlanovi i organizatori biciklisti\u010dkoga kluba iz \u0160irokoga. Neki su stigli iz svatova ili sa koncerta jutros, ne u sitne sate, ve\u0107 prije samoga polaska, a opet su izdr\u017eali sve i na ovoj vru\u0107ini.<\/p>\n<p style=\"text-align: justify;\">Zanimljivost su i dvije \u017eene na biciklima, jedna cijela obitelj, ali i mali Niko sa svega 7 (sedam) godina. Biciklom gore i nazad iz \u0160irokoga za njegovu dob je, ipak, fenomen. Niki sve \u010destitke i \u017eelje za veliko biciklisti\u010dko i \u017eivotno sutra. Njima svima neka je hvala. Veliko hvala i \u010destitke idu i Pu\u0161kanovi\u0107a cijeloj obitelji na trudu i \u017ertvi, kao i na pripremi ovoga slavlja, te hvala mojim pomo\u0107nicima koji su mi zdu\u0161no bili pri ruci, uostalom kao i u sli\u010dnim prilikama, kada to god zatreba.<\/p>\n<p style=\"text-align: justify;\"><img decoding=\"async\" style=\"margin-top: 6px; margin-right: 0px; margin-bottom: 6px;\" src=\"http:\/\/www.frafranjomabic.info\/images\/ljubgr13_19.gif\" alt=\"bike\" width=\"525\" \/><\/p>\n<p style=\"text-align: justify;\"><img decoding=\"async\" style=\"margin-top: 6px; margin-right: 0px; margin-bottom: 6px;\" src=\"http:\/\/www.frafranjomabic.info\/images\/ljubgr13_12.gif\" alt=\"bike\" width=\"525\" \/><\/p>\n<p style=\"text-align: justify;\"><img decoding=\"async\" style=\"margin-top: 6px; margin-right: 0px; margin-bottom: 6px;\" src=\"http:\/\/www.frafranjomabic.info\/images\/ljubgr13_14.gif\" alt=\"bike\" width=\"525\" \/><\/p>\n<p style=\"text-align: justify;\"><img decoding=\"async\" style=\"margin-top: 6px; margin-right: 0px; margin-bottom: 6px;\" src=\"http:\/\/www.frafranjomabic.info\/images\/ljubgr13_26.gif\" alt=\"bike\" width=\"525\" \/><\/p>\n<p style=\"text-align: justify;\"><img decoding=\"async\" style=\"margin-top: 6px; margin-right: 0px; margin-bottom: 6px;\" src=\"http:\/\/www.frafranjomabic.info\/images\/ljubgr13_21.gif\" alt=\"bike\" width=\"525\" \/><\/p>\n<p style=\"text-align: justify;\">\u00a0<\/p>\n<p style=\"text-align: justify;\">\u00a0<\/p>\n<p style=\"text-align: right;\"><span style=\"font-size: 8pt;\"><strong>frafranjomabic.info<\/strong><\/span><\/p>\n","protected":false},"excerpt":{"rendered":"<div class=\"mh-excerpt\"><p>U nedjelju smo slavili na Ljubu\u0161kim Grobovima na Orugici Kri\u017eni put i svetu Misu, po ve\u0107 ustaljenom rasporedu i obi\u010daju <a class=\"mh-excerpt-more\" href=\"https:\/\/ljportal.com\/arhiva\/foto-krizni-put-i-sveta-misa-na-ljubuskim-grobovima\/\" title=\"FOTO: Kri\u017eni Put i sveta Misa na Ljubu\u0161kim Grobovima\">&#8230;<\/a><\/p>\n<\/div>","protected":false},"author":1,"featured_media":17696,"comment_status":"open","ping_status":"open","sticky":false,"template":"","format":"standard","meta":{"footnotes":""},"categories":[19],"tags":[],"class_list":["post-17698","post","type-post","status-publish","format-standard","has-post-thumbnail","hentry","category-drustvo-drustvo"],"_links":{"self":[{"href":"https:\/\/ljportal.com\/arhiva\/wp-json\/wp\/v2\/posts\/17698","targetHints":{"allow":["GET"]}}],"collection":[{"href":"https:\/\/ljportal.com\/arhiva\/wp-json\/wp\/v2\/posts"}],"about":[{"href":"https:\/\/ljportal.com\/arhiva\/wp-json\/wp\/v2\/types\/post"}],"author":[{"embeddable":true,"href":"https:\/\/ljportal.com\/arhiva\/wp-json\/wp\/v2\/users\/1"}],"replies":[{"embeddable":true,"href":"https:\/\/ljportal.com\/arhiva\/wp-json\/wp\/v2\/comments?post=17698"}],"version-history":[{"count":0,"href":"https:\/\/ljportal.com\/arhiva\/wp-json\/wp\/v2\/posts\/17698\/revisions"}],"wp:featuredmedia":[{"embeddable":true,"href":"https:\/\/ljportal.com\/arhiva\/wp-json\/wp\/v2\/media\/17696"}],"wp:attachment":[{"href":"https:\/\/ljportal.com\/arhiva\/wp-json\/wp\/v2\/media?parent=17698"}],"wp:term":[{"taxonomy":"category","embeddable":true,"href":"https:\/\/ljportal.com\/arhiva\/wp-json\/wp\/v2\/categories?post=17698"},{"taxonomy":"post_tag","embeddable":true,"href":"https:\/\/ljportal.com\/arhiva\/wp-json\/wp\/v2\/tags?post=17698"}],"curies":[{"name":"wp","href":"https:\/\/api.w.org\/{rel}","templated":true}]}}