{"id":17702,"date":"2013-07-29T12:50:41","date_gmt":"2013-07-29T10:50:41","guid":{"rendered":"https:\/\/ljportal.com\/arhiva\/2013\/07\/29\/josipa-i-mijo-kod-nas-sve-teme-zapocinju-rukometom\/"},"modified":"2013-07-29T12:50:41","modified_gmt":"2013-07-29T10:50:41","slug":"josipa-i-mijo-kod-nas-sve-teme-zapocinju-rukometom","status":"publish","type":"post","link":"https:\/\/ljportal.com\/arhiva\/josipa-i-mijo-kod-nas-sve-teme-zapocinju-rukometom\/","title":{"rendered":"Josipa i Mijo: Kod nas sve teme zapo\u010dinju rukometom"},"content":{"rendered":"<p style=\"text-align: justify;\">Ljubu\u0161ka rukometna obitelj Tomi\u0107 se mo\u017ee podi\u010diti \u010dinjenicom da u svom domu imaju dvoje aktivnih rukometnih internacionalaca, Josipu i Miju, koje je prve rukometne korake nau\u010dio otac Sre\u0107ko, tako\u0111er nekada\u0161nji igra\u010d Izvi\u0111a\u010da.<\/p>\n<p>  <!--more-->  <\/p>\n<p style=\"text-align: justify;\">Josipa Tomi\u0107 je \u010dlanica hrvatskog prvoliga\u0161a Tre\u0161njevke iz Zagreba, a njezin brat Mijo rukometa\u0161 Nexea iz Na\u0161ica, a to su klubovi u kojima \u0107e nastupati i sljede\u0107e sezone.<br \/>&#8211; Kod nas sve teme zapo\u010dinju i zavr\u0161avaju na rukometu. Sada ga puno prati \u010dak i mama iako prije nije bila veliki obo\u017eavatelj. Jedino je stariji brat izvan svega toga, ka\u017ee Josipa Tomi\u0107.<br \/>Josipa je jo\u0161 od juniorskih dana u Hrvatskoj gdje je nakon mati\u010dnog Ljubu\u0161kog 2009. godine prvo zaigrala za Lokomotivu, potom i Tre\u0161njevku.<br \/>&#8211; U Lokomotivi sam zaredala s ozljedama i nisam previ\u0161e ni igrala, potom je uslijedila operacija koljena. Poslije oporavka je do\u0161lo do nesuglasica s klupskim \u010delnicima nakon \u010dega sam pre\u0161la u Tre\u0161njevku. Tu su ekipa i djevojke super zbog \u010dega sam stvarno zadovoljna kompletnom atmosferom, ali i igrom, govori Josipa.<br \/>Njezina ekipa je pro\u0161le sezone igrala hrvatsku Ligu za prvaka koju \u010dine \u010detiri ekipe.<br \/>&#8211; Ciljevi su se uve\u0107ali za sljede\u0107u sezonu kada ponovno \u017eelimo u Ligu za prvaka, ali i popeti se koju poziciju vi\u0161e, zaklju\u010dila je Josipa Tomi\u0107.<br \/>Njezin brat Mijo je po odlasku iz Izvi\u0111a\u010da, koji je napustio kao jedan od nov\u010dano ka\u017enjenih igra\u010da, suspendiranih i preba\u010denih u drugi tim (zbog toga \u0161to nisu htjeli produ\u017eiti ugovor), zimus potpisao za Nexe iz Na\u0161ica gdje je poslije polugodi\u0161nje stanke mogao neometano nastaviti s igra\u010dkim razvojem.<br \/>&#8211; Oti\u0161ao sam u klub gdje nisam nikoga poznavao, sve mi je bilo novo i zato se mogu zahvaliti suigra\u010dima \u0161to su u\u010dinili da se osje\u0107am kao da sam doma. Jako brzo sam se uklopio, ka\u017ee Mijo.<br \/>Njegov klub je godinama uz bok u Hrvatskoj nedosti\u017enom Zagrebu.<br \/>&#8211; Ispunili smo ciljeve u sezoni, u SEHA ligi smo odigrali ne\u0161to lo\u0161ije drugi dio sezone, ali je najva\u017enije bilo da budemo doprvaci Hrvatske \u0161to smo i uspjeli. Time smo u\u010dinili sezonu uspje\u0161nom, tvrdi Tomi\u0107.<br \/>Mijo je nedavno napunio tek 20 godina i pred njim je niz sportskih isku\u0161enja.<br \/>&#8211; Zadovoljan sam i prethodnom polusezonom jer mi je trener Kasim Kamenica ukazao povjerenje, a ja ga iskoristio. Igrao sam po poluvrijeme, trener nas je uvijek rotirao kako bi zadr\u017eao svje\u017einu ekipe. Moja \u017eelja i jest bila oti\u0107i u klub koji \u0107e mi omogu\u0107iti napredak. Nisu to morali biti veliki novci, ali tu igramo SEHA Ligu i stalno smo pod pove\u0107alom, rekao je Mijo Tomi\u0107.<\/p>\n<p style=\"text-align: justify;\">\u00a0<\/p>\n<p style=\"text-align: justify;\"><strong>Mijo jo\u0161 godinu u Nexeu<\/strong><\/p>\n<p style=\"text-align: justify;\">\u00a0<\/p>\n<p style=\"text-align: justify;\">Nakon \u0161to je Nexe ove godine do\u0161ao u financijske probleme, iz kluba je oti\u0161ao trener Kasim Kamenica kojeg je prije par dana, odnosno ususret novoj sezoni, zamijenio Zdenko Kordi.<br \/>&#8211; U razgovoru s Upravom sam doznao da bi se trebali stabilizirati. S klubom imam jo\u0161 godinu dana ugovora, a u ponedjeljak nam zapo\u010dinju pripreme. Ambicije \u0107e ponovno primarno biti vezane za prvenstvo Hrvatske, kazao je Mijo Tomi\u0107.<\/p>\n<p style=\"text-align: justify;\">\u00a0<\/p>\n<p style=\"text-align: justify;\"><strong>Oboje reprezentativci<\/strong><\/p>\n<p style=\"text-align: justify;\">\u00a0<\/p>\n<p style=\"text-align: justify;\">Josipa Tomi\u0107 je 2009. godine s juniorskom reprezentacijom BiH igrala kvalifikacije za Europsko prvenstvo, ali kasnije na\u0161 dr\u017eavni \u017eenski tim nije postojao ni u jednom dobnom uzrastu.<br \/>&#8211; Stvarno mi je \u017eao \u0161to ne postoje sve te selekcije, a smatram da bi BiH mogla imati jednu lijepu seniorsku reprezentaciju, izjavila je Josipa.<br \/>I njezin brat Mijo je u svim mla\u0111im uzrastima bio reprezentativac Hrvatske, ali po prvi puta ovog ljeta nije do\u010dekao poziv izbornika Slavka Golu\u017ee na U-21 SP-u koje se odr\u017eavalo u na\u0161oj zemlji.<\/p>\n<p style=\"text-align: justify;\">\u00a0<\/p>\n<p style=\"text-align: justify;\">\u00a0<\/p>\n<p style=\"text-align: right;\"><strong><span style=\"font-size: 8pt;\">Ersan Bijedi\u0107 | Dnevni list<\/span><\/strong><\/p>\n","protected":false},"excerpt":{"rendered":"<div class=\"mh-excerpt\"><p>Ljubu\u0161ka rukometna obitelj Tomi\u0107 se mo\u017ee podi\u010diti \u010dinjenicom da u svom domu imaju dvoje aktivnih rukometnih internacionalaca, Josipu i Miju, <a class=\"mh-excerpt-more\" href=\"https:\/\/ljportal.com\/arhiva\/josipa-i-mijo-kod-nas-sve-teme-zapocinju-rukometom\/\" title=\"Josipa i Mijo: Kod nas sve teme zapo\u010dinju rukometom\">&#8230;<\/a><\/p>\n<\/div>","protected":false},"author":1,"featured_media":17701,"comment_status":"open","ping_status":"open","sticky":false,"template":"","format":"standard","meta":{"footnotes":""},"categories":[20],"tags":[],"class_list":["post-17702","post","type-post","status-publish","format-standard","has-post-thumbnail","hentry","category-sport-sport"],"_links":{"self":[{"href":"https:\/\/ljportal.com\/arhiva\/wp-json\/wp\/v2\/posts\/17702","targetHints":{"allow":["GET"]}}],"collection":[{"href":"https:\/\/ljportal.com\/arhiva\/wp-json\/wp\/v2\/posts"}],"about":[{"href":"https:\/\/ljportal.com\/arhiva\/wp-json\/wp\/v2\/types\/post"}],"author":[{"embeddable":true,"href":"https:\/\/ljportal.com\/arhiva\/wp-json\/wp\/v2\/users\/1"}],"replies":[{"embeddable":true,"href":"https:\/\/ljportal.com\/arhiva\/wp-json\/wp\/v2\/comments?post=17702"}],"version-history":[{"count":0,"href":"https:\/\/ljportal.com\/arhiva\/wp-json\/wp\/v2\/posts\/17702\/revisions"}],"wp:featuredmedia":[{"embeddable":true,"href":"https:\/\/ljportal.com\/arhiva\/wp-json\/wp\/v2\/media\/17701"}],"wp:attachment":[{"href":"https:\/\/ljportal.com\/arhiva\/wp-json\/wp\/v2\/media?parent=17702"}],"wp:term":[{"taxonomy":"category","embeddable":true,"href":"https:\/\/ljportal.com\/arhiva\/wp-json\/wp\/v2\/categories?post=17702"},{"taxonomy":"post_tag","embeddable":true,"href":"https:\/\/ljportal.com\/arhiva\/wp-json\/wp\/v2\/tags?post=17702"}],"curies":[{"name":"wp","href":"https:\/\/api.w.org\/{rel}","templated":true}]}}