{"id":17714,"date":"2013-07-30T13:51:11","date_gmt":"2013-07-30T11:51:11","guid":{"rendered":"https:\/\/ljportal.com\/arhiva\/2013\/07\/30\/najava-treca-vasarovska-vecer\/"},"modified":"2013-07-30T13:51:11","modified_gmt":"2013-07-30T11:51:11","slug":"najava-treca-vasarovska-vecer","status":"publish","type":"post","link":"https:\/\/ljportal.com\/arhiva\/najava-treca-vasarovska-vecer\/","title":{"rendered":"NAJAVA: Tre\u0107a Va\u0161arovska ve\u010der"},"content":{"rendered":"<p style=\"text-align: justify;\">Kulturno umjetni\u010dko dru\u0161tvo i Mjesna Zajednica Va\u0161arovi\u0107i organiziraju 3. Va\u0161arovsku ve\u010der koja \u0107e se odr\u017eati u subotu, 3. kolovoza s po\u010detkom u 20:00 sati u dvori\u0161tu Osnovne \u0161kole u Va\u0161arovi\u0107ima.<\/p>\n<p>  <!--more-->  <\/p>\n<p style=\"text-align: justify;\">Nastupaju: Kulturno umjetni\u010dka dru\u0161tva: Va\u0161arovi\u0107i, Dukat Vladislavci (\u0110akovo), Prenj (Stolac), Milan Begovi\u0107 (Vrlika), Na\u0161i korijeni (Bobanovo), Sveti Ivan Krstitelj (Ru\u017ei\u0107i), diplar Drago Mi\u0161eti\u0107, te Ante Petkovi\u0107 i prijatelji.<br \/>Generalni pokrovitelji ve\u010deri su: Skup\u0161tina Zapadnohercegova\u010dke \u017dupanije, Ministarstvo financija Zapadnohercegova\u010dke \u017eupanije i Op\u0107ina Ljubu\u0161ki.<\/p>\n<p style=\"text-align: justify;\">Sponzori: MPT Posu\u0161je, Karliko, Elektro Milas, Unitrade, Euroherc, Agram d.d., Rakela, T&#038;D Company, Elektro Gavran, Euroveg, Pr\u0161utana Herceg, Podrumi Begi\u0107, Grubi\u0161i\u0107, D\u017eaji\u0107 commerce, Cerno Planini\u0107, Livanjska mljekara, G.I.P.I. \u010citluk, Ledo i Alba.<br \/>Medijski pokrovitelji: Radio Ljubu\u0161ki, Radio Grude, Dnevni list i Ve\u010dernji list.<\/p>\n<p style=\"text-align: justify;\">\u00a0<\/p>\n<p style=\"text-align: justify;\">Organizatori pozivaju sve ljubitelje narodnih i tradicijskih obi\u010daja na ve\u010der narodnog veselja, pjesme, plesa i igara, te bogatu tombolu i jo\u0161 bogatiju trpezu. \u201eDo\u0111ite i u\u017eivajte u gangi, be\u0107arcu, narodnim kolima i specijalitetima na\u0161ih doma\u0107ica\u201c, poru\u010duju iz Mjesne zajednice Va\u0161arovi\u0107i i istoimenog Kulturno umjetni\u010dkog dru\u0161tva\u201c.<\/p>\n<p style=\"text-align: justify;\">\u00a0<\/p>\n<p style=\"text-align: right;\"><span style=\"font-size: 8pt;\"><strong>Radio Ljubu\u0161ki<\/strong><\/span><\/p>\n","protected":false},"excerpt":{"rendered":"<div class=\"mh-excerpt\"><p>Kulturno umjetni\u010dko dru\u0161tvo i Mjesna Zajednica Va\u0161arovi\u0107i organiziraju 3. Va\u0161arovsku ve\u010der koja \u0107e se odr\u017eati u subotu, 3. kolovoza s <a class=\"mh-excerpt-more\" href=\"https:\/\/ljportal.com\/arhiva\/najava-treca-vasarovska-vecer\/\" title=\"NAJAVA: Tre\u0107a Va\u0161arovska ve\u010der\">&#8230;<\/a><\/p>\n<\/div>","protected":false},"author":1,"featured_media":17713,"comment_status":"open","ping_status":"open","sticky":false,"template":"","format":"standard","meta":{"footnotes":""},"categories":[19],"tags":[],"class_list":["post-17714","post","type-post","status-publish","format-standard","has-post-thumbnail","hentry","category-drustvo-drustvo"],"_links":{"self":[{"href":"https:\/\/ljportal.com\/arhiva\/wp-json\/wp\/v2\/posts\/17714","targetHints":{"allow":["GET"]}}],"collection":[{"href":"https:\/\/ljportal.com\/arhiva\/wp-json\/wp\/v2\/posts"}],"about":[{"href":"https:\/\/ljportal.com\/arhiva\/wp-json\/wp\/v2\/types\/post"}],"author":[{"embeddable":true,"href":"https:\/\/ljportal.com\/arhiva\/wp-json\/wp\/v2\/users\/1"}],"replies":[{"embeddable":true,"href":"https:\/\/ljportal.com\/arhiva\/wp-json\/wp\/v2\/comments?post=17714"}],"version-history":[{"count":0,"href":"https:\/\/ljportal.com\/arhiva\/wp-json\/wp\/v2\/posts\/17714\/revisions"}],"wp:featuredmedia":[{"embeddable":true,"href":"https:\/\/ljportal.com\/arhiva\/wp-json\/wp\/v2\/media\/17713"}],"wp:attachment":[{"href":"https:\/\/ljportal.com\/arhiva\/wp-json\/wp\/v2\/media?parent=17714"}],"wp:term":[{"taxonomy":"category","embeddable":true,"href":"https:\/\/ljportal.com\/arhiva\/wp-json\/wp\/v2\/categories?post=17714"},{"taxonomy":"post_tag","embeddable":true,"href":"https:\/\/ljportal.com\/arhiva\/wp-json\/wp\/v2\/tags?post=17714"}],"curies":[{"name":"wp","href":"https:\/\/api.w.org\/{rel}","templated":true}]}}