{"id":17718,"date":"2013-07-30T15:32:47","date_gmt":"2013-07-30T13:32:47","guid":{"rendered":"https:\/\/ljportal.com\/arhiva\/2013\/07\/30\/odrzana-radionica-izgradnja-imidza-sindikata-u-medijima-alati-i-vjestine\/"},"modified":"2013-07-30T15:32:47","modified_gmt":"2013-07-30T13:32:47","slug":"odrzana-radionica-izgradnja-imidza-sindikata-u-medijima-alati-i-vjestine","status":"publish","type":"post","link":"https:\/\/ljportal.com\/arhiva\/odrzana-radionica-izgradnja-imidza-sindikata-u-medijima-alati-i-vjestine\/","title":{"rendered":"Odr\u017eana radionica \u201eIzgradnja imid\u017ea sindikata u medijima: alati i vje\u0161tine\u201c"},"content":{"rendered":"<p style=\"text-align: justify;\">U \u010detvrtak 25. srpnja 2013. u organizaciji Centra za gra\u0111ansku suradnju Livno,\u00a0 odr\u017eana je radionica u Ljubu\u0161kom. Tema radionice je bila \u201eIzgradnja imid\u017ea sindikata u medijima: alati i vje\u0161tine\u201c. Sudionici na radionicama su bili sindikati i nevladine organizacije iz \u017eupanije \u017dZH.<\/p>\n<p>  <!--more-->  <\/p>\n<p style=\"text-align: justify;\">Na\u010dine na koje ispravno koristiti medije i biti zastupljen u njima, na prakti\u010dan na\u010din je pokazao \u0160evko Baji\u0107, stru\u010dnjak za odnose s javno\u0161\u0107u i komunikacijske strategije. <br \/>Na osnovu dugogodi\u0161njeg iskustva rada u medijima, gospodin \u0160evko je prisutnima iznio na\u010dine kako postati medijski zanimljiv novinaru, uredniku, odnosno samoj medijskoj ku\u0107i.<br \/>\u00a0<br \/>Kako je Baji\u0107 naglasio tijekom odr\u017eavanja radionice, vrlo va\u017eno je da svaki sindikat, nevladina organizacija posjeduje kontakte medija, te da s njima ostvari kvalitetnu obostranu komunikaciju. Pri komunikaciji s medijima, i u tra\u017eenju da se poprate odre\u0111ene aktivnosti, u obzir se treba uzeti te\u0161ka financijska situacija svakog medija u BiH, te samim tim se potruditi da mediju, odnosno novinaru, snimatelju i uredniku bude isplativo iza\u0107i na teren, \u201euzeti\u201c pri\u010du i proslijediti ju javnosti.<\/p>\n<p style=\"text-align: justify;\">\u201eIspravno kori\u0161tenje zna\u010di uspjeh u medijima, jer su mediji kvalitetni alati kojima treba znati rukovati.\u201c , istaknuo je Baji\u0107. <br \/>Ponovno je stavljen naglasak na \u010dinjenicu da niti jedan mediji ne\u0107e i ne mo\u017ee rije\u0161iti ne\u010diji problem, ali mo\u017ee o njemu objektivno izvje\u0161tavati javnost, da bi se imala mogu\u0107nost stvaranja realne slike same situacije.<br \/>Kroz radionice je tako\u0111er nagla\u0161eno da je od strane sindikata i nevladinih organizacija potrebno analizirati medije, odnosno prou\u010diti \u0161to je pojedinim medijima u cilju objaviti i na koji na\u010din to \u010dine, te je prikazano na koji na\u010din se slu\u017eiti novinarskim oblicima izra\u017eavanja (5 W, vijest, izvje\u0161taj, izjava, priop\u0107enje, poziv\u2026) . Tako\u0111er je stavljen naglasak i na nove medije, Internet portale, dru\u0161tvene mre\u017ee, koje je potrebno \u0161to vi\u0161e koristiti u svojim medijskim istupima i komunikaciji s javno\u0161\u0107u.<\/p>\n<p style=\"text-align: justify;\">Radionice u sklopu projekta \u201eRadimo zajedno za radni\u010dka prava\u201c financijski podr\u017eava Olof Palme International Center.<\/p>\n<p style=\"text-align: justify;\"><img decoding=\"async\" style=\"margin-top: 6px; margin-right: 0px; margin-bottom: 6px;\" src=\"https:\/\/mail.google.com\/mail\/u\/0\/?ui=2&#038;ik=f68eae8449&#038;view=att&#038;th=1402f54208db0d86&#038;attid=0.2&#038;disp=inline&#038;safe=1&#038;zw\" alt=\"radionica\" width=\"525\" \/><\/p>\n<p style=\"text-align: right;\"><span style=\"font-size: 8pt;\"><strong>LJ::portal<\/strong><\/span><\/p>\n","protected":false},"excerpt":{"rendered":"<div class=\"mh-excerpt\"><p>U \u010detvrtak 25. srpnja 2013. u organizaciji Centra za gra\u0111ansku suradnju Livno,\u00a0 odr\u017eana je radionica u Ljubu\u0161kom. Tema radionice je <a class=\"mh-excerpt-more\" href=\"https:\/\/ljportal.com\/arhiva\/odrzana-radionica-izgradnja-imidza-sindikata-u-medijima-alati-i-vjestine\/\" title=\"Odr\u017eana radionica \u201eIzgradnja imid\u017ea sindikata u medijima: alati i vje\u0161tine\u201c\">&#8230;<\/a><\/p>\n<\/div>","protected":false},"author":1,"featured_media":17717,"comment_status":"open","ping_status":"open","sticky":false,"template":"","format":"standard","meta":{"footnotes":""},"categories":[19],"tags":[],"class_list":["post-17718","post","type-post","status-publish","format-standard","has-post-thumbnail","hentry","category-drustvo-drustvo"],"_links":{"self":[{"href":"https:\/\/ljportal.com\/arhiva\/wp-json\/wp\/v2\/posts\/17718","targetHints":{"allow":["GET"]}}],"collection":[{"href":"https:\/\/ljportal.com\/arhiva\/wp-json\/wp\/v2\/posts"}],"about":[{"href":"https:\/\/ljportal.com\/arhiva\/wp-json\/wp\/v2\/types\/post"}],"author":[{"embeddable":true,"href":"https:\/\/ljportal.com\/arhiva\/wp-json\/wp\/v2\/users\/1"}],"replies":[{"embeddable":true,"href":"https:\/\/ljportal.com\/arhiva\/wp-json\/wp\/v2\/comments?post=17718"}],"version-history":[{"count":0,"href":"https:\/\/ljportal.com\/arhiva\/wp-json\/wp\/v2\/posts\/17718\/revisions"}],"wp:featuredmedia":[{"embeddable":true,"href":"https:\/\/ljportal.com\/arhiva\/wp-json\/wp\/v2\/media\/17717"}],"wp:attachment":[{"href":"https:\/\/ljportal.com\/arhiva\/wp-json\/wp\/v2\/media?parent=17718"}],"wp:term":[{"taxonomy":"category","embeddable":true,"href":"https:\/\/ljportal.com\/arhiva\/wp-json\/wp\/v2\/categories?post=17718"},{"taxonomy":"post_tag","embeddable":true,"href":"https:\/\/ljportal.com\/arhiva\/wp-json\/wp\/v2\/tags?post=17718"}],"curies":[{"name":"wp","href":"https:\/\/api.w.org\/{rel}","templated":true}]}}