{"id":17720,"date":"2013-07-30T16:02:14","date_gmt":"2013-07-30T14:02:14","guid":{"rendered":"https:\/\/ljportal.com\/arhiva\/2013\/07\/30\/foto-zavrsio-ii-seminar-folklora-hrvata-u-bih\/"},"modified":"2013-07-30T16:02:14","modified_gmt":"2013-07-30T14:02:14","slug":"foto-zavrsio-ii-seminar-folklora-hrvata-u-bih","status":"publish","type":"post","link":"https:\/\/ljportal.com\/arhiva\/foto-zavrsio-ii-seminar-folklora-hrvata-u-bih\/","title":{"rendered":"FOTO: Zavr\u0161io II. Seminar folklora Hrvata u BiH"},"content":{"rendered":"<p style=\"text-align: justify;\">U nedjelju 28. srpnja sve\u010danom zavr\u0161nom priredbom\u00a0 zavr\u0161io je II. Seminar folklora Hrvata u BiH. Seminar je po\u010deo u \u010detvrtak 25.7., a otvorio ga je Velimir Ple\u0161a generalni konzul Republike Hrvatske u Bosni i Hercegovini. Pjesme, plesovi, no\u0161nje i obi\u010daji Hrvata Bosanske posavine je tema po kojoj se Seminar folklora<\/p>\n<p>  <!--more-->  <\/p>\n<p style=\"text-align: justify;\">ove godine obra\u0111ivao.<br \/>Osim voditelja, prof. Miroslava \u0160ili\u0107a, predavali su: mr. Biljana Glibo, Jure Milo\u0161, Svetlana Baji\u0107 etnolog, mr. Lidija Vladi\u0107 Mandari\u0107, dr. sc. Jasmina Talam i Ru\u017eica Ivi\u0107.<br \/>Zavr\u0161na priredba organizirana je u nedjelju 28.7., u prostorijama hotela \u0110uli\u0107, u \u0160irokom Brijegu. Pred mnogobrojnim posjetiteljima i sudionicima Seminara na pozornicu je iza\u0161la izvorna skupina KUD-a \u201eIzvor\u201c \u017dabljak \u2013 Usora, koja se predstavila pjesmama i plesovima svoga kraja. Nakon njih uslijedio je nastup polaznika Seminara folklora koji su otpjevali nekoliko pjesama, a na tradicijskim instrumentima predstavili su se polaznici na diplama i lijerici. Tijekom ve\u010deri predstavilo nam se jo\u0161 nekoliko polaznika, koji su nas odu\u0161evili prekrasnim pjevanjem i drugim izvedbama. <br \/>Zajedni\u010dkim kolom i zabavom do kasnih ve\u010dernjih sati zavr\u0161io je II. Seminar folklora Hrvata u BiH 2013. u organizaciji UHAKUD u BiH.<br \/>\u201eOve godine imali smo oko 50-ak polaznika Seminara, koji su kroz \u010detiri dana u\u010dili pjesme, plesovi, no\u0161nje i obi\u010daje Hrvata Bosanske posavine.\u00a0 Seminar je uspje\u0161no odra\u0111en, i ispunio je sva na\u0161a o\u010dekivanja, a ve\u0107 idu\u0107e godine organizirat \u0107emo i III. Seminar folklora.\u201c \u2013 poru\u010dili su iz Organizacijskog odbora Seminara folklora.<\/p>\n<p style=\"text-align: justify;\">\u00a0<\/p>\n<p style=\"text-align: justify;\">picasa_albumid=5906438335942663841<\/p>\n<p style=\"text-align: justify;\">\u00a0<\/p>\n<p style=\"text-align: right;\"><span style=\"font-size: 8pt;\"><strong>LJ::portal<\/strong><\/span><\/p>\n","protected":false},"excerpt":{"rendered":"<div class=\"mh-excerpt\"><p>U nedjelju 28. srpnja sve\u010danom zavr\u0161nom priredbom\u00a0 zavr\u0161io je II. Seminar folklora Hrvata u BiH. Seminar je po\u010deo u \u010detvrtak <a class=\"mh-excerpt-more\" href=\"https:\/\/ljportal.com\/arhiva\/foto-zavrsio-ii-seminar-folklora-hrvata-u-bih\/\" title=\"FOTO: Zavr\u0161io II. Seminar folklora Hrvata u BiH\">&#8230;<\/a><\/p>\n<\/div>","protected":false},"author":1,"featured_media":17719,"comment_status":"open","ping_status":"open","sticky":false,"template":"","format":"standard","meta":{"footnotes":""},"categories":[22],"tags":[],"class_list":["post-17720","post","type-post","status-publish","format-standard","has-post-thumbnail","hentry","category-kultura-kultura"],"_links":{"self":[{"href":"https:\/\/ljportal.com\/arhiva\/wp-json\/wp\/v2\/posts\/17720","targetHints":{"allow":["GET"]}}],"collection":[{"href":"https:\/\/ljportal.com\/arhiva\/wp-json\/wp\/v2\/posts"}],"about":[{"href":"https:\/\/ljportal.com\/arhiva\/wp-json\/wp\/v2\/types\/post"}],"author":[{"embeddable":true,"href":"https:\/\/ljportal.com\/arhiva\/wp-json\/wp\/v2\/users\/1"}],"replies":[{"embeddable":true,"href":"https:\/\/ljportal.com\/arhiva\/wp-json\/wp\/v2\/comments?post=17720"}],"version-history":[{"count":0,"href":"https:\/\/ljportal.com\/arhiva\/wp-json\/wp\/v2\/posts\/17720\/revisions"}],"wp:featuredmedia":[{"embeddable":true,"href":"https:\/\/ljportal.com\/arhiva\/wp-json\/wp\/v2\/media\/17719"}],"wp:attachment":[{"href":"https:\/\/ljportal.com\/arhiva\/wp-json\/wp\/v2\/media?parent=17720"}],"wp:term":[{"taxonomy":"category","embeddable":true,"href":"https:\/\/ljportal.com\/arhiva\/wp-json\/wp\/v2\/categories?post=17720"},{"taxonomy":"post_tag","embeddable":true,"href":"https:\/\/ljportal.com\/arhiva\/wp-json\/wp\/v2\/tags?post=17720"}],"curies":[{"name":"wp","href":"https:\/\/api.w.org\/{rel}","templated":true}]}}