{"id":17726,"date":"2013-07-31T06:53:27","date_gmt":"2013-07-31T04:53:27","guid":{"rendered":"https:\/\/ljportal.com\/arhiva\/2013\/07\/31\/pocinje-borba-za-trebizat\/"},"modified":"2013-07-31T06:53:27","modified_gmt":"2013-07-31T04:53:27","slug":"pocinje-borba-za-trebizat","status":"publish","type":"post","link":"https:\/\/ljportal.com\/arhiva\/pocinje-borba-za-trebizat\/","title":{"rendered":"Po\u010dinje borba za Trebi\u017eat"},"content":{"rendered":"<p style=\"text-align: justify;\">Nakon \u0161to sam nekoliko puta preslu\u0161ao raspravu po \u010detvrtoj to\u010dki dnevnog reda sa posljednje, 11. sjednice Op\u0107inskoga vije\u0107a Ljubu\u0161ki, o Prijedlogu Zaklju\u010dka o davanju negativnog mi\u0161ljenja na Prijedlog Prostornog plana \u017dupanije Zapadnohercegova\u010dke za period 2012-2032, dugo sam dvojio \u0161to u\u010diniti.<\/p>\n<p>  <!--more-->  <\/p>\n<p style=\"text-align: justify;\">Na kraju sam se odlu\u010dio izvesti jedan mali eksperiment.<\/p>\n<p style=\"text-align: justify;\">Uzeo sam vagu i na jednu stranu vage stavio Prijedlog Prostornog plana \u017dupanije Zapadnohercegova\u010dke za period 2012-2032, odnosno izgradnju \u0161est mini hidrocentrala na rijeci Trebi\u017eat, a na drugu stranu vage Op\u0107inski prora\u010dun, JKP Ljubu\u0161ki, GP Bija\u010da, izgradnju autoceste, razno razne koncesije, asfaltiranje cesta, privatizaciju poduze\u0107a i jo\u0161 \u0161to \u0161ta ali vaga se tek jedva malo pomjerila. Debelo je pretezala na stranu za\u0161tite Trebi\u017eata. Nastavio sam dodavati na drugu stranu vage pa sam stavio sve to\u010dke dnevnog reda o kojima je kroz 11. sjednica raspravljalo Op\u0107insko vije\u0107e Ljubu\u0161ki, ali badava. Vaga je ponovo debelo pretezala na istu stranu. Onda sam se vratio unatrag \u010detiri godine pa pokupio sve to\u010dke dnevnog reda o kojima je raspravljalo Op\u0107insko vije\u0107e Ljubu\u0161ki u pro\u0161lom sazivu pa ih &#8220;natovario&#8221; na drugu stranu vage. Vaga se tek malo pomjerila i dalje debelo prete\u017eu\u0107i na stranu za\u0161tite ljubu\u0161ke prirodne ljepotice. Na kraju sam se samo zapitao koliko bi se jo\u0161 godina, ili desetina godina, morao vratiti unatrag i stavljati utege na drugu stranu vage kako bi je doveo barem u ravnote\u017eu.<br \/>Preslu\u0161avaju\u0107i raspravu o tom nesretnom \u017eupanijskom prostornom planu mogu re\u0107i da sam manje vi\u0161e bio zadovoljan raspravom svih vije\u0107nika koji su raspravljali o toj to\u010dki, razmi\u0161ljanjima na\u010delnika Barbari\u0107a i izlaganjem gospo\u0111e Lucije Mikuli\u0107. Djelomi\u010dno sam zadovoljan i zaklju\u010dkom koji je donijelo Op\u0107insko vije\u0107e ali dr\u017eim da je on preblag, da u potpunosti ne odra\u017eava mi\u0161ljenje ljubu\u0161aka. Po mom osobnom mi\u0161ljenju, ne \u0161alim se ni najmanje, u zaklju\u010dku je obvezno i kao prvo trebalo stajati da se svi oni koji su sudjelovali u izradi spomenutog prostornog plana po\u0161alju na psihijatrijsko promatranje. Naime, meni nikako ne mo\u017ee biti jasno kako nekome uop\u0107e mo\u017ee pasti na pamet predlo\u017eiti takvo ne\u0161to. To doista ne mo\u017ee biti normalna osoba. Me\u0111utim, puno gore od toga je \u0161to se tu ne radi samo o jednoj,\u00a0 ve\u0107 o skupini osoba. Ozbiljno se pitam zar neka skupina osoba mo\u017ee biti toliko bolesna. Stvarno me zanima \u0161to bi rekli lije\u010dnici. Ako bi taj lije\u010dni\u010dki konzilij utvrdio da su te osobe psihi\u010dki zdrave, onda se pitam zar u \u017dZH postoji netko tko toliko mrzi Trebi\u017eat i Ljubu\u0161ki da im je spreman to u\u010diniti. To uistinu mora biti neka mr\u017enja kakvu jo\u0161 uvijek nisam susreo u svom \u017eivotu, a vjerujte mi susretao sam svakakvih. O nemo\u0107i op\u0107inskih vije\u0107nika, a i nas ostalih ljubu\u0161aka najbolje govori to kako, u svoj svojoj nemo\u0107i, sada pose\u017eemo za nekom javnom raspravom o tom prostornom planu koja bi se odr\u017eala u Ljubu\u0161kom. Upravo tako, ni\u0161ta drugo nego \u010dista nemo\u0107. Javne rasprave se vode o ozbiljnim konstruktivnim stvarima i ozbiljnim projektima. Organizirati raspravu o mini hidrocentralama na Trebi\u017eatu i nekakvim za\u0161titnim pojasevima je obi\u010dna glupost, \u010dista budala\u0161tina i \u010dista bedasto\u0107a (zamolio bih \u010ditatelje da mi oproste na izrazima ja bla\u017eih nisam mogao na\u0107i). Isto kao \u0161to je glupost, budala\u0161tina i bedasto\u0107a predlo\u017eiti takve projekte za tu prelijepu rijeku. Ako resorni ministar ili ti kvazi stru\u010dnjaci, koji su to predlo\u017eili, slu\u010dajno ne znaju \u0161to bi to zna\u010dilo za rijeku Trebi\u017eat i za Ljubu\u0161ki ja \u0107u im objasniti. Da bi me lak\u0161e i bolje razumjeli morat \u0107u se poslu\u017eiti primjerom, recimo iz Posu\u0161ja. Dragi moji, samo jedna mini hidrocentrala na Trebi\u017eatu je isto kao da je netko predlo\u017eio da se Park prirode &#8220;Blidinje&#8221; proglasi za odlagali\u0161te otpada u \u017dZH u idu\u0107ih sto godina. I jo\u0161 puta sto. \u0160est mini hidrocentrala na Trebi\u017eatu je kao \u017eupanijsko odlagali\u0161te otpada na &#8220;Blidinju&#8221; pa puta milijun. Ni malo manje. Ili mo\u017eda primjerom iz \u0160irokog. Oni su poznati po mesnoj industriji. To je kao da je netko predlo\u017eio da se budu\u0107e klaonice u \u017dZH grade na vrelu Borak. Pa puta deset milijuna. Nije \u0161ala, otprilike to je tu negdje.\u00a0 Ako mi ne vjerujete upitajte kojeg god ho\u0107ete Ljubu\u0161aka. Netko \u0107e se mo\u017eda zapitati pa kako su zastupnici u skup\u0161tini ZH\u017d usvojili Izvje\u0161\u0107e o provedenoj Javnoj raspravi o Nacrtu Prostornog plana \u017dupanije Zapadnohercegova\u010dke, posebice pojedini zastupnici iz Ljubu\u0161kog. Moram biti iskren pa re\u0107i kako je to mogu\u0107e. Osobno priznajem da bi se i meni, a vjerujem i mnogima od nas to moglo dogoditi. Jednostavno, \u010dovjek ponekad do\u0111e na sjednicu Skup\u0161tine da nije dobro prou\u010dio ili pregledao materijale uvjeren da je neka &#8220;stru\u010dna&#8221; skupina doista stru\u010dno i pripremila te materijale. I dogodi se gre\u0161ka, podr\u017ei\u0161 ne\u0161to \u0161to nikad u \u017eivotu ne bi podr\u017eao kada bi malo bolje u\u0161ao u sr\u017e materije. Me\u0111utim, gre\u0161ka i nije tako stra\u0161na ako se mo\u017ee ispraviti. Na na\u0161u sre\u0107u s ovom gre\u0161kom je upravo tako, ona se jo\u0161 uvijek da ispraviti. Stoga se u svojim razmi\u0161ljanjima pridru\u017eujem vije\u0107nicima u Op\u0107inskome vije\u0107u Ljubu\u0161ki njihovim apelima i pozivima svim zastupnicima u Skup\u0161tini ZH\u017d, ne samo onima iz Ljubu\u0161kog, da \u0161to prije isprave tu gre\u0161ku. Moram jo\u0161 re\u0107i da sam o izgradnji tih mini hidrocentrala na Trebi\u017eatu razgovarao s mnogim osobama i da su sve, ali ba\u0161 sve, bile istog mi\u0161ljenja kao i ja, a to je da je i postoje\u0107a hidrocentrala u Pe\u0107 Mlinima previ\u0161e i da bi nas jo\u0161 jedna &#8220;dokraj\u010dila&#8221;. Da ne spominjem \u0161to bi uradilo \u0161est takvih, kako neki reko\u0161e, proizvodnih pogona.<\/p>\n<p style=\"text-align: justify;\">Neki od mojih sugovornika su mi predlagali da na Radiju Ljubu\u0161ki pokrenem rasprave po tom pitanju. Odgovorio sam im da to ne \u017eelim i ne\u0107u. Jednostavno ne \u017eelim raspravljati o tome je li mlijeko bijelo ili crno. Ne \u017eelim se dovoditi u situaciju da mene ili nekoga drugoga neki mangup (opet se ispri\u010davam na izrazu, bla\u017eeg nema) uvjerava kako je mlijeko crno. Mo\u017eda \u0107e nekad, za godinu, pet, deset ili vi\u0161e netko stvarno proizvesti crno mlijeko. Neka ga proizvede. Ja ga sigurno ne\u0107u piti. Ovi u \u017eupaniji neka piju ako \u017eele, na zdravlje im bilo. Volio bih znati s kim \u0107e nazdravljati.<\/p>\n<p style=\"text-align: justify;\">\u00a0<\/p>\n<p style=\"text-align: right;\"><span style=\"font-size: 8pt;\"><strong>Drago Vukojevi\u0107 | Radio Ljubu\u0161ki<\/strong><\/span><\/p>\n","protected":false},"excerpt":{"rendered":"<div class=\"mh-excerpt\"><p>Nakon \u0161to sam nekoliko puta preslu\u0161ao raspravu po \u010detvrtoj to\u010dki dnevnog reda sa posljednje, 11. sjednice Op\u0107inskoga vije\u0107a Ljubu\u0161ki, o <a class=\"mh-excerpt-more\" href=\"https:\/\/ljportal.com\/arhiva\/pocinje-borba-za-trebizat\/\" title=\"Po\u010dinje borba za Trebi\u017eat\">&#8230;<\/a><\/p>\n<\/div>","protected":false},"author":1,"featured_media":17725,"comment_status":"open","ping_status":"open","sticky":false,"template":"","format":"standard","meta":{"footnotes":""},"categories":[19],"tags":[],"class_list":["post-17726","post","type-post","status-publish","format-standard","has-post-thumbnail","hentry","category-drustvo-drustvo"],"_links":{"self":[{"href":"https:\/\/ljportal.com\/arhiva\/wp-json\/wp\/v2\/posts\/17726","targetHints":{"allow":["GET"]}}],"collection":[{"href":"https:\/\/ljportal.com\/arhiva\/wp-json\/wp\/v2\/posts"}],"about":[{"href":"https:\/\/ljportal.com\/arhiva\/wp-json\/wp\/v2\/types\/post"}],"author":[{"embeddable":true,"href":"https:\/\/ljportal.com\/arhiva\/wp-json\/wp\/v2\/users\/1"}],"replies":[{"embeddable":true,"href":"https:\/\/ljportal.com\/arhiva\/wp-json\/wp\/v2\/comments?post=17726"}],"version-history":[{"count":0,"href":"https:\/\/ljportal.com\/arhiva\/wp-json\/wp\/v2\/posts\/17726\/revisions"}],"wp:featuredmedia":[{"embeddable":true,"href":"https:\/\/ljportal.com\/arhiva\/wp-json\/wp\/v2\/media\/17725"}],"wp:attachment":[{"href":"https:\/\/ljportal.com\/arhiva\/wp-json\/wp\/v2\/media?parent=17726"}],"wp:term":[{"taxonomy":"category","embeddable":true,"href":"https:\/\/ljportal.com\/arhiva\/wp-json\/wp\/v2\/categories?post=17726"},{"taxonomy":"post_tag","embeddable":true,"href":"https:\/\/ljportal.com\/arhiva\/wp-json\/wp\/v2\/tags?post=17726"}],"curies":[{"name":"wp","href":"https:\/\/api.w.org\/{rel}","templated":true}]}}