{"id":17775,"date":"2013-08-03T11:28:53","date_gmt":"2013-08-03T09:28:53","guid":{"rendered":"https:\/\/ljportal.com\/arhiva\/2013\/08\/03\/foto-uocnica-i-predstava-diva-grabovceva-na-hardomilju\/"},"modified":"2013-08-03T11:28:53","modified_gmt":"2013-08-03T09:28:53","slug":"foto-uocnica-i-predstava-diva-grabovceva-na-hardomilju","status":"publish","type":"post","link":"https:\/\/ljportal.com\/arhiva\/foto-uocnica-i-predstava-diva-grabovceva-na-hardomilju\/","title":{"rendered":"FOTO: Uo\u010dnica i predstava Diva Grabov\u010deva na Hardomilju"},"content":{"rendered":"<p style=\"text-align: justify;\">Sino\u0107 je na starom Hardomilju, filijali \u017eupe Humac, odr\u017eana misa uo\u010dnica za dana\u0161nju proslavu sv. Stjepana, a nakon mise okupljeno mno\u0161tvo moglo je u\u017eivati u dramskoj predstavi \u201eDiva Grabov\u010deva\u201c u izvedbi HKUD \u201eHrvatska sloga\u201c iz Rame. Svetu misu predvodio je fra Tomislav Sablje, huma\u010dki kapelan.<\/p>\n<p>  <!--more-->  <\/p>\n<p style=\"text-align: justify;\">Primjerom mu\u010deni\u0161tva na\u0161ega svega sveca sv. Stjepana mo\u017eemo nasljedovati evan\u0111elje, da \u017eivimo moralno eti\u010dki, da \u010dovjeka kraj sebe dr\u017eimo slikom Bo\u017ejom u kojoj vidimo sebe i u kojoj sebe prepoznajemo. Nalazimo se u Godini vjere u kojoj se mnogo govori o vjeri, a povod Godine vjere je nevjera koja se osje\u0107a u zraku, me\u0111u ljudima,\u00a0 nestalo je vjere,\u00a0 pouzdanja i povjerenja da zajedno s Bogom mo\u017eemo u\u010diniti sve \u2013 kazao je u propovijedi fra Sablje i zaklju\u010dio: neka nam primjer svetog Stjepana bude poticaj da sebe upitamo kako \u017eivimo? Jesmo li spremni poput svetog Stjepana \u017eivjeti kr\u0161\u0107anskim \u017eivotom u svojoj sredini. Neka nam sveti Stjepan i Gospa od an\u0111ela koju danas slavimo budu zagovornici i poticaj u \u017eivljenju kr\u0161\u0107anskih vrjednota.<\/p>\n<p style=\"text-align: justify;\">U jednosatnoj predstavi, koja je uslijedila na vanjskoj pozornici ispred groblja i hardomiljske crkve,\u00a0 glumci su dramati\u010dno predo\u010dili \u010duvenu predaju o tragi\u010dnom, ali svjetlom liku mlade djevojke Dive iz Rame i nasilnog mladi\u0107a Tahirbega sa Kupresa. Iako je rije\u010d o amaterskoj skupini, gledatelji su imali prigodu u\u017eivati u profesionalnoj dramskoj izvedbi. Svojim gluma\u010dkim sposobnostima, iako su jo\u0161 srednjo\u0161kolci, glumci su izazvali odu\u0161evljenje, uzdahe i suze svojim gluma\u010dkim umije\u0107em interpretacije zahtjevnih uloga.<br \/>\u00a0<br \/>Dramski igrokaz ura\u0111en je prema scenariju fra Blage Kara\u010di\u0107a i Ivana Aralice na inicijativu organizatora Zorana Stojanovi\u0107a, profesora u Srednjoj \u0161koli Prozor i \u010dlanova dramske sekcije KUD-a &#8221;Hrvatska sloga&#8221;.<br \/>Iako su glumci u\u010denici Srednje \u0161kole Prozor svoje uloge igraju kao pravi profesionalci te dobivaju samo pozitivne kritike. Uloge igraju: Nikolina Kova\u010devi\u010d, Josip \u0106ali\u0161, Dra\u017een Petrovi\u0107, Tomislava \u0160ar\u010devi\u0107, Antonija Stojanovi\u0107, Marija Zadri\u0107, Ana Marija Dre\u017enjak, Leo Doli\u0107, Matea Juri\u010di\u0107, Petar \u0160akota, Ivan \u0160imunovi\u0107, Marinko Pavlovi\u0107, Milan Topi\u0107.<br \/>Tehni\u010dka podr\u0161ka su: Matej Babi\u0107, Ivana Baketari\u0107, Josip Dre\u017enjak, Mato Zadro, Nikola Piplica i Katarina Buri\u0107. Tonski tehni\u010dar je Ivan Marki\u0107.<br \/>\u00a0<br \/>Drama o Divi Grabov\u010devoj plijeni pozornost gledatelja gdje god se izvodila po\u010dev\u0161i od Rame, \u0160irokog Brijega, Vrlike, Podstrane i Zagreba,\u00a0 a posebne su bile igrane scene prikazane u HTV-ovom filmu \u201eDivin krik s Vrana\u201c koji je redateljski obradio Miljenko Kara\u010di\u0107.<br \/>\u00a0<br \/>Sino\u0161njom izvedbom na Hardomilju lik Dive Grabov\u010deve kao primjer kr\u0161\u0107anske djevojke koja svoju \u010dast brani \u017eivotom, te borbu protiv bahatog silnika i ljudski odnos prema kumu i susjedu bez obzira na vjeru, pribli\u017een je mladim i starim Hardomilj\u010danima i njihovim gostima.<br \/>\u00a0<br \/>Organizatori proslave sv. Stjepana i bogatog kulturnog programa i ove godine jo\u0161 jednom su pokazali, ali i dokazali kako se kultura mo\u017ee i u ruralnim sredinama i nesvakida\u0161njim mjestima prezentirati mo\u017eda i bolje i prihva\u0107enije nego u gradskim sredi\u0161tima.<br \/>\u00a0<br \/>Ve\u010dera\u0161nja proslava sv. Stjepana, nebeskog za\u0161titnika sela Hardomilje po\u010dinje sve\u010danim misnim slavljem koje predvodi fra Josip Vla\u0161i\u0107,\u00a0 duhovni asistent Frame i Franjeva\u010dkog svjetovnog reda u Hercegovini, a liturgijsko slavlje uveli\u010dat \u0107e zbor sv. Kate iz Ljubu\u0161kog. Nakon mise nastupit \u0107e HKUD Hardomilje i gostuju\u0107i HKUD-ovi, uz dru\u017eenje Hardomilj\u010dana i bogat kulturno zabavni program. Dru\u017eenje uz jelo i pi\u0107e u ponudi svadbenog salona &#8220;Ohio&#8221; svirkom u\u017eivo popratit \u0107e Tambura\u0161ki sastav Gera\u0161i\u00a0 iz \u010capljine.<\/p>\n<p style=\"text-align: justify;\">\u00a0<\/p>\n<p style=\"text-align: justify;\">picasa_albumid=5907833102043437537<\/p>\n<p style=\"text-align: justify;\">\u00a0<\/p>\n<p style=\"text-align: right;\"><span style=\"font-size: 8pt;\"><strong>LJ::portal<\/strong><\/span><\/p>\n","protected":false},"excerpt":{"rendered":"<div class=\"mh-excerpt\"><p>Sino\u0107 je na starom Hardomilju, filijali \u017eupe Humac, odr\u017eana misa uo\u010dnica za dana\u0161nju proslavu sv. Stjepana, a nakon mise okupljeno <a class=\"mh-excerpt-more\" href=\"https:\/\/ljportal.com\/arhiva\/foto-uocnica-i-predstava-diva-grabovceva-na-hardomilju\/\" title=\"FOTO: Uo\u010dnica i predstava Diva Grabov\u010deva na Hardomilju\">&#8230;<\/a><\/p>\n<\/div>","protected":false},"author":1,"featured_media":17774,"comment_status":"open","ping_status":"open","sticky":false,"template":"","format":"standard","meta":{"footnotes":""},"categories":[22],"tags":[],"class_list":["post-17775","post","type-post","status-publish","format-standard","has-post-thumbnail","hentry","category-kultura-kultura"],"_links":{"self":[{"href":"https:\/\/ljportal.com\/arhiva\/wp-json\/wp\/v2\/posts\/17775","targetHints":{"allow":["GET"]}}],"collection":[{"href":"https:\/\/ljportal.com\/arhiva\/wp-json\/wp\/v2\/posts"}],"about":[{"href":"https:\/\/ljportal.com\/arhiva\/wp-json\/wp\/v2\/types\/post"}],"author":[{"embeddable":true,"href":"https:\/\/ljportal.com\/arhiva\/wp-json\/wp\/v2\/users\/1"}],"replies":[{"embeddable":true,"href":"https:\/\/ljportal.com\/arhiva\/wp-json\/wp\/v2\/comments?post=17775"}],"version-history":[{"count":0,"href":"https:\/\/ljportal.com\/arhiva\/wp-json\/wp\/v2\/posts\/17775\/revisions"}],"wp:featuredmedia":[{"embeddable":true,"href":"https:\/\/ljportal.com\/arhiva\/wp-json\/wp\/v2\/media\/17774"}],"wp:attachment":[{"href":"https:\/\/ljportal.com\/arhiva\/wp-json\/wp\/v2\/media?parent=17775"}],"wp:term":[{"taxonomy":"category","embeddable":true,"href":"https:\/\/ljportal.com\/arhiva\/wp-json\/wp\/v2\/categories?post=17775"},{"taxonomy":"post_tag","embeddable":true,"href":"https:\/\/ljportal.com\/arhiva\/wp-json\/wp\/v2\/tags?post=17775"}],"curies":[{"name":"wp","href":"https:\/\/api.w.org\/{rel}","templated":true}]}}