{"id":17781,"date":"2013-08-05T08:06:06","date_gmt":"2013-08-05T06:06:06","guid":{"rendered":"https:\/\/ljportal.com\/arhiva\/2013\/08\/05\/foto-proslavljen-blagdan-sv-stjepana-na-hardomilju\/"},"modified":"2013-08-05T08:06:06","modified_gmt":"2013-08-05T06:06:06","slug":"foto-proslavljen-blagdan-sv-stjepana-na-hardomilju","status":"publish","type":"post","link":"https:\/\/ljportal.com\/arhiva\/foto-proslavljen-blagdan-sv-stjepana-na-hardomilju\/","title":{"rendered":"FOTO: Proslavljen blagdan sv. Stjepana na Hardomilju"},"content":{"rendered":"<p style=\"text-align: justify;\">Ju\u010der je na Hardomilju\u00a0 proslavljen blagdan sv. Stjepana Prvomu\u010denika, za\u0161titnika tog mjesta kome je i posve\u0107ena crkva na Hardomilju po\u010deta s gradnjom davne 1928. godine. Sve\u010danu svetu misu u 19 sati predvodio je fra Josip Vla\u0161i\u0107 iz Mostara, u koncelebraciji sa huma\u010dkim \u017eupnikom fra Ivanom Borasom, i fra Radom Vuk\u0161i\u0107em<\/p>\n<p>  <!--more-->  <\/p>\n<p style=\"text-align: justify;\">\u010dija je majka rodom sa Hardomilja,\u00a0 a pjevanjem ju je uzveli\u010dao zbor iz crkve sv. Kate iz Ljubu\u0161kog pod ravnanjem fra Tihomira Bazine. Na tradicionalnom Stipandanu\u00a0 i susretu Hardomilj\u010dana okupilo se vi\u0161e stotina mje\u0161tana i njihovih prijatelja i gostiju. Nakon mise na vanjskoj pozornici uslijedio je nastup HKUD Hardomilje i gostiju HKUD Crna\u0161ica Kne\u0161polje, KUD Vrgorska krajina i malih folklora\u0161a iz Dje\u010djeg svjeta &#8211; Ljubu\u0161ki.<br \/>U nadahnutoj propovijedi fra Vla\u0161i\u0107 je okupljenim vjernicima govorio kako lik,\u00a0 \u017eivot i djelo sv. Stjepan svima treba biti primjer kako treba \u017eivjeti i slu\u017eiti Bogu, naglasio kako je on bio pun, dobrote, milosti i bezuvjetne spremnosti za opra\u0161tanje, zbog \u010dega ga vjerni\u010dka zajednica treba slijediti.<\/p>\n<p style=\"text-align: justify;\">Ovi ljetni dani su dani kada se okupljamo u svojim obiteljima, kada susre\u0107emo one koje ina\u010de rijetko vi\u0111amo, a proslavama nebeskih za\u0161titnika na\u0161i susreti ljudski me\u0111usobni u kojima mi rastemo, ali i susre\u0107emo Boga jer tamo gdje su ljudi zajedno tamo je i Bog,\u00a0 bivaju oboga\u0107eni sa jednim druga\u010dijim pogledom na Boga a to je pogled kroz onoga koji je Bo\u017eju rije\u010d utjelovio u svome \u017eivotu &#8211; kazao je fra Josip .<\/p>\n<p style=\"text-align: justify;\">Dru\u017eenje i susret Hardomilj\u010dana i njihovih prijatelja uz pi\u0107e, ro\u0161tilj i pe\u010denje pripremljeno od strane Svadbenog salona Ohio potrajalo je do kasno u no\u0107. Za atmosferu se pobrinuo tambura\u0161ki sastav Gera\u0161i iz \u010capljine.<br \/>Time je zavr\u0161io program koji je zapo\u010deo u utorak trodnevnom duhovnom pripravom sv. Stjepanu, a svaki od dana trodnevnice bila su i razna kulturna doga\u0111anja. Tako je u srijedu otvorena izlo\u017eba slika i predstavljena knjiga Ane Toli\u0107, zatim je drugu ve\u010der otvorena Stojna ku\u0107a \u2013 etno zbirka u Zavi\u010dajnom domu na Hardomilju, a na uo\u010dnicu glumci HKUD \u201eHrvatska sloga\u201c iz Rame izveli su dramsku predstavu &#8220;Diva Grabov\u010deva&#8221;.<br \/>Organizator svih doga\u0111anja u sklopu proslave sv. Stjepana proteklih dana je Mjesna zajednica Hardomilje iz koje poru\u010duju da pripreme za proslavu dogodine ve\u0107 po\u010dinju.<\/p>\n<p style=\"text-align: justify;\">\u00a0<\/p>\n<p style=\"text-align: justify;\">picasa_albumid=5908243266845941409<\/p>\n<p style=\"text-align: justify;\">\u00a0<\/p>\n<p style=\"text-align: right;\"><span style=\"font-size: 8pt;\"><strong>LJ::portal<\/strong><\/span><\/p>\n","protected":false},"excerpt":{"rendered":"<div class=\"mh-excerpt\"><p>Ju\u010der je na Hardomilju\u00a0 proslavljen blagdan sv. Stjepana Prvomu\u010denika, za\u0161titnika tog mjesta kome je i posve\u0107ena crkva na Hardomilju po\u010deta <a class=\"mh-excerpt-more\" href=\"https:\/\/ljportal.com\/arhiva\/foto-proslavljen-blagdan-sv-stjepana-na-hardomilju\/\" title=\"FOTO: Proslavljen blagdan sv. Stjepana na Hardomilju\">&#8230;<\/a><\/p>\n<\/div>","protected":false},"author":1,"featured_media":17780,"comment_status":"open","ping_status":"open","sticky":false,"template":"","format":"standard","meta":{"footnotes":""},"categories":[19],"tags":[],"class_list":["post-17781","post","type-post","status-publish","format-standard","has-post-thumbnail","hentry","category-drustvo-drustvo"],"_links":{"self":[{"href":"https:\/\/ljportal.com\/arhiva\/wp-json\/wp\/v2\/posts\/17781","targetHints":{"allow":["GET"]}}],"collection":[{"href":"https:\/\/ljportal.com\/arhiva\/wp-json\/wp\/v2\/posts"}],"about":[{"href":"https:\/\/ljportal.com\/arhiva\/wp-json\/wp\/v2\/types\/post"}],"author":[{"embeddable":true,"href":"https:\/\/ljportal.com\/arhiva\/wp-json\/wp\/v2\/users\/1"}],"replies":[{"embeddable":true,"href":"https:\/\/ljportal.com\/arhiva\/wp-json\/wp\/v2\/comments?post=17781"}],"version-history":[{"count":0,"href":"https:\/\/ljportal.com\/arhiva\/wp-json\/wp\/v2\/posts\/17781\/revisions"}],"wp:featuredmedia":[{"embeddable":true,"href":"https:\/\/ljportal.com\/arhiva\/wp-json\/wp\/v2\/media\/17780"}],"wp:attachment":[{"href":"https:\/\/ljportal.com\/arhiva\/wp-json\/wp\/v2\/media?parent=17781"}],"wp:term":[{"taxonomy":"category","embeddable":true,"href":"https:\/\/ljportal.com\/arhiva\/wp-json\/wp\/v2\/categories?post=17781"},{"taxonomy":"post_tag","embeddable":true,"href":"https:\/\/ljportal.com\/arhiva\/wp-json\/wp\/v2\/tags?post=17781"}],"curies":[{"name":"wp","href":"https:\/\/api.w.org\/{rel}","templated":true}]}}