{"id":17787,"date":"2013-08-05T09:52:01","date_gmt":"2013-08-05T07:52:01","guid":{"rendered":"https:\/\/ljportal.com\/arhiva\/2013\/08\/05\/14-mff-selektor-odabrao-22-dokumentarca-za-sluzbeni-program\/"},"modified":"2013-08-05T09:52:01","modified_gmt":"2013-08-05T07:52:01","slug":"14-mff-selektor-odabrao-22-dokumentarca-za-sluzbeni-program","status":"publish","type":"post","link":"https:\/\/ljportal.com\/arhiva\/14-mff-selektor-odabrao-22-dokumentarca-za-sluzbeni-program\/","title":{"rendered":"14. MFF: Selektor odabrao 22 dokumentarca za slu\u017ebeni program"},"content":{"rendered":"<p style=\"text-align: justify;\">U natjecateljskom programu u okviru dokumentarnog filma Mediteran Film Festivala, koji \u0107e se odr\u017eati od 26. do 31. kolovoza u \u0160irokom Brijegu, selektor Damir \u010cu\u010di\u0107 izabrao je 22 filma. Rije\u010d je o izvrsnim ostvarenjima od kojih su neki ve\u0107 pobrali nagrade na velikim festivalima ali i o filmovima koji \u0107e do\u017eivjeti svoju svjetsku premijeru<\/p>\n<p>  <!--more-->  <\/p>\n<p style=\"text-align: justify;\">u sklopu glavnog programa.<br \/>Po prvi put MFF svoju slu\u017ebenu kategoriju dijeli na kratkometra\u017eni dokumentarni film \u2013 do 30 minuta i dugometra\u017eni dokumentarni film \u2013 iznad 30 minuta.<br \/>Ovih 22 natjecat \u0107e se za Grand prix u kategoriji kratkometra\u017enog i dugometra\u017enog filma dok je za tre\u0107u nagradu odgovornost na publici:<\/p>\n<p>\u00a0<\/p>\n<p>{xtypo_rounded2} <strong>Slu\u017ebeni natjecateljski dio \u2013 Kratkometra\u017eni dokumentarni film:<\/strong><\/p>\n<p>\u00a0<\/p>\n<p>8 x 8<br \/>redatelj \/ director: Mario Papi\u0107, Hrvatska, 10&#8242;<\/p>\n<p>SAVR\u0160ENA LJUBAV \/ AMOR PERFETTO<br \/>redatelj \/ director: Germano Polano, Italija, 16&#8242;<\/p>\n<p>MU\u0160KI FILM \/ REAL MAN&#8217;S FILM<br \/>redatelj \/ director: Neboj\u0161a Slijep\u010devi\u0107, Hrvatska, 12&#8242;<\/p>\n<p>CRVENI TEPIH \/ THE RED CARPET<br \/>redatelji \/ directors: Manuel Fern\u00e1ndez, Ious L\u00f3pez, \u0160panjolska, 12&#8242;<\/p>\n<p>PRESUDA \/ THE VERDICT<br \/>redatelj \/ director: \u0110uro Gavran, Hrvatska, 11&#8242;<\/p>\n<p>NA\u0160I DANI APSOLUTNO MORAJU BITI PROSVIJETLJENI \/ OUR DAYS, ABSOLUTELY, HAVE TO BE ENTLIGHTENED<br \/>redatelj \/ director: Jean-Gabriel P\u00e9riot, Francuska, 22&#8242;<\/p>\n<p>DOBRO JUTRO SVIJETE \/ GOOD MORNING WORLD<br \/>redateljica \/ director: Dorit Weisman, Izrael, 3&#8242;<\/p>\n<p>PROSTORI VREMENA \/ SPACES OF TIME \u2013 VIGO<br \/>redatelj \/ director: David Hern\u00e1ndez, \u0160panjolska, 15&#8242;<\/p>\n<p>JEDAN DAN \u017dIVOTA \/ A DAY IN LIFE<br \/>redatelj \/ director: Simo Ezoubeiri , Maroko, 4&#8242;<\/p>\n<p>RUPA U NEBU \/ A HOLE IN THE SKY<br \/>redatelji \/ directors: Alex Lora, Antonio Tibaldi, Francuska, SAD, 10&#8242;<\/p>\n<p>TAKSI \/ TAXI<br \/>redatelj \/ director: Asier Urbieta, \u0160panjolska, 8&#8242;<\/p>\n<p>TRE\u0106E POLUVRIJEME \/ THE THIRD HALFTIME<br \/>redatelj \/ director: Igor Te\u0161i\u0107, Bosna i Hercegovina, 21&#8242;<\/p>\n<p>\u010cAROBNI PROJEKT \/ MAGIC PROJECT<br \/>redatelj \/ director: Manuel Jim\u00e9nez N\u00fa\u00f1ez, \u0160panjolska, 20&#8242;<\/p>\n<p>\u00a0<\/p>\n<p><strong>Slu\u017ebeni natjecateljski dio \u2013 Dugometra\u017eni\u00a0 dokumentarni film:<\/strong><\/p>\n<p>BLOKADA \/ THE BLOCKADE<br \/>redatelj: Igor Bezinovi\u0107, Hrvatska, 93\u2019<\/p>\n<p>RAJSKI VRT \/ THE GARDEN OF EDEN<br \/>redatelj: Ran Tal, Izrael, 73\u2019<\/p>\n<p>GOOGLE I SVJETSKI MOZAK \/ GOOGLE AND THE WORLD BRAIN<br \/>redatelj: Ben Lewis, \u0160panjolska, 89&#8242;<\/p>\n<p>MALI SVIJET \/ LITTLE WORLD<br \/>redatelj: Marcel Barrena, \u0160panjolska, 84&#8242;<\/p>\n<p>GANGSTER TE VOLI \/ GANGSTER OF LOVE<br \/>redatelj: Neboj\u0161a Slijep\u010devi\u0107 , Hrvatska, Njema\u010dka, Rumunjska, 80&#8242;<\/p>\n<p>VENECIJANSKI SINDROM \/ THE VENICE SYNDROME<br \/>redatelj: Andreas Pichler, Njema\u010dka, Austrija, Italija, 80&#8242;<\/p>\n<p>KU\u0106A \/ CASA<br \/>redateljica:\u00a0 Daniela De Felice , Francuska, 54&#8242;<\/p>\n<p>PABLOVA ZIMA \/ PABLO&#8217;S WINTER<br \/>redatelj: Chico Pereira, \u0160panjolska, 76&#8242;<\/p>\n<p>U BRAKU SA \u0160VICARCEM \/ MARRIED TO THE SWISS FRANC<br \/>redatelj: Arsen Oremovi\u0107, Hrvatska, 55\u2019<br \/>{\/xtypo_rounded2}<\/p>\n<p>\u00a0<\/p>\n<p>\u00a0<\/p>\n<p style=\"text-align: right;\"><span style=\"font-size: 8pt;\"><strong>MFF | LJ::portal<\/strong><\/span><\/p>\n","protected":false},"excerpt":{"rendered":"<div class=\"mh-excerpt\"><p>U natjecateljskom programu u okviru dokumentarnog filma Mediteran Film Festivala, koji \u0107e se odr\u017eati od 26. do 31. kolovoza u <a class=\"mh-excerpt-more\" href=\"https:\/\/ljportal.com\/arhiva\/14-mff-selektor-odabrao-22-dokumentarca-za-sluzbeni-program\/\" title=\"14. MFF: Selektor odabrao 22 dokumentarca za slu\u017ebeni program\">&#8230;<\/a><\/p>\n<\/div>","protected":false},"author":1,"featured_media":17786,"comment_status":"open","ping_status":"open","sticky":false,"template":"","format":"standard","meta":{"footnotes":""},"categories":[22],"tags":[],"class_list":["post-17787","post","type-post","status-publish","format-standard","has-post-thumbnail","hentry","category-kultura-kultura"],"_links":{"self":[{"href":"https:\/\/ljportal.com\/arhiva\/wp-json\/wp\/v2\/posts\/17787","targetHints":{"allow":["GET"]}}],"collection":[{"href":"https:\/\/ljportal.com\/arhiva\/wp-json\/wp\/v2\/posts"}],"about":[{"href":"https:\/\/ljportal.com\/arhiva\/wp-json\/wp\/v2\/types\/post"}],"author":[{"embeddable":true,"href":"https:\/\/ljportal.com\/arhiva\/wp-json\/wp\/v2\/users\/1"}],"replies":[{"embeddable":true,"href":"https:\/\/ljportal.com\/arhiva\/wp-json\/wp\/v2\/comments?post=17787"}],"version-history":[{"count":0,"href":"https:\/\/ljportal.com\/arhiva\/wp-json\/wp\/v2\/posts\/17787\/revisions"}],"wp:featuredmedia":[{"embeddable":true,"href":"https:\/\/ljportal.com\/arhiva\/wp-json\/wp\/v2\/media\/17786"}],"wp:attachment":[{"href":"https:\/\/ljportal.com\/arhiva\/wp-json\/wp\/v2\/media?parent=17787"}],"wp:term":[{"taxonomy":"category","embeddable":true,"href":"https:\/\/ljportal.com\/arhiva\/wp-json\/wp\/v2\/categories?post=17787"},{"taxonomy":"post_tag","embeddable":true,"href":"https:\/\/ljportal.com\/arhiva\/wp-json\/wp\/v2\/tags?post=17787"}],"curies":[{"name":"wp","href":"https:\/\/api.w.org\/{rel}","templated":true}]}}