{"id":17789,"date":"2013-08-05T11:00:01","date_gmt":"2013-08-05T09:00:01","guid":{"rendered":"https:\/\/ljportal.com\/arhiva\/2013\/08\/05\/preuzmite-i-citajte-4-broj-casopisa-qpcelaq\/"},"modified":"2013-08-05T11:00:01","modified_gmt":"2013-08-05T09:00:01","slug":"preuzmite-i-citajte-4-broj-casopisa-qpcelaq","status":"publish","type":"post","link":"https:\/\/ljportal.com\/arhiva\/preuzmite-i-citajte-4-broj-casopisa-qpcelaq\/","title":{"rendered":"Preuzmite i \u010ditajte 4. broj \u010dasopisa &#8220;P\u010dela&#8221;"},"content":{"rendered":"<p style=\"text-align: justify;\">Ovih dana iz tiska je iza\u0161ao novi, 4. broj, \u010dasopisa saveza p\u010delara \u201eP\u010dela\u201c, koji ovim slavi svoj prvi ro\u0111endan. Savez p\u010delara \u201eKadulja\u201c, koji okuplja jedanaest op\u0107inskih p\u010delarskih udruga, krenuo je pro\u0161le godine s izdavanjem p\u010delarskog \u010dasopisa. To\u010dnije, 9. lipnja 2012. \u201epoletjela\u201c je \u201eP\u010dela\u201c, odnosno tog je dana iz tiska iza\u0161ao njezin prvi broj.<\/p>\n<p>  <!--more-->  <\/p>\n<p style=\"text-align: justify;\">Savez je ranije zapo\u010deo i projekt za\u0161tite zemljopisnog podrijetla izvornoga hercegova\u010dkog meda za \u010detiri vrste meda.<\/p>\n<p style=\"text-align: justify;\">Svoj doprinos tome vrijednom i zanimljivom projektu, \u201eP\u010dela\u201c je dala u svakom svom do sada izdanom broju prilogom o nekom od ta \u010detiri meda. Nakon kadulje, vrijeska, tilovine, ciklus zaklju\u010dujemo i zaokru\u017eujemo pri\u010dama o \u010detvrtoj vrsti na\u0161e medonosne biljke, o DRA\u010cI.<\/p>\n<p style=\"text-align: justify;\">U ovome broju pi\u0161emo i o zabrani neonicotinoid pesticida u Europskoj uniji i s rado\u0161\u0107u vas informiramo o jo\u0161 jednom velikom uspjehu na\u0161ega Saveza \u2013 o potvrdi Europske unije da se na\u0161, bosansko-hercegova\u010dki med, naravno uz po\u0161tovanje odre\u0111enih uvjeta, mo\u017ee izvoziti u zemlje njezine \u010dlanice. No, lijepe vijesti, na\u017ealost, \u010desto bivaju zasjenjene iliti potamnjene onima ru\u017enijim, pa nas je tako ovih dana, upravo pred pripremu ovoga broja lista, \u0161okirao nemili doga\u0111aj na podru\u010dju op\u0107ine \u010capljina, odnosno u mjestu Hotanj, gdje je otrovano mno\u0161tvo p\u010delinjih zajednica. Uzrok toga p\u010delinjeg pomora vjerojatno le\u017ei u primjeni nekog od pesticida opasnog za p\u010dele, a taj nam ru\u017eni doga\u0111aj jo\u0161 jednom svima \u0161alje opomenu i upozorenje o uzro\u010dno-posljedi\u010dnoj povezanosti svega \u0161to se doga\u0111a u prirodi. Samo, poznaju\u0107i nas, bilo bi dobro da ovo doista bude posljednja opomena.<\/p>\n<p style=\"text-align: justify;\">U izmjeni lijepih i ru\u017enih vijesti, vijest koja je zasjenila sve ostale ipak je iznenadna smrt \u010dlana uredni\u0161tva i suradnika na\u0161ega \u010dasopisa, ali i dugogodi\u0161njeg p\u010delara, dr. vet. med. Ante Vidovi\u0107a. \u201eAko opstanemo godinu dana, onda imamo jak motiv da nastavimo dalje\u201c, bile su Antine rije\u010di koje su se odnosile na na\u0161 \u010dasopis. Uz veliku Antinu pomo\u0107, \u201eP\u010dela\u201c je, Bogu hvala, do\u010dekala svoju prvu obljetnicu i \u010dvrsto \u201eleti\u201c dalje. Prisje\u0107aju\u0107i se svakog \u010dasa Antine uloge i njegova golemog doprinosa pokretanju lista, uredni\u0161tvo i nadalje vjeruje da nikako ne mo\u017ee propasti ono \u0161to je produkt velikog entuzijazma i ljubavi prema p\u010delama i p\u010delarstvu.<\/p>\n<p style=\"text-align: justify;\">Najve\u0107i p\u010delarski doga\u0111aj ove godine bit \u0107e kongres Apimondije u Kijevu, koji smo u prilogu o tome predstavili s cjelokupnim njegovim programom. Tu su i stru\u010dni prilozi, zatim prilozi koji se odnose na povijest razvoja p\u010delarstva u na\u0161im krajevima, razgovori s na\u0161im p\u010delarima, te prilog o problemima bosansko-hercegova\u010dkih p\u010delara kod registracije vozila za prijevoz p\u010dela. I jo\u0161 dosta drugih priloga o razli\u010ditim p\u010delarskim temama.<\/p>\n<p style=\"text-align: justify;\">Na kraju, u povodu godi\u0161njice izlaska \u010dasopisa \u201eP\u010dela\u201c, u ime uredni\u0161tva i u svoje osobno ime zahvaljujem svima onima koji su nesebi\u010dno darovali svoje vrijeme, znanje i trud za na\u0161u i va\u0161u \u201eP\u010delu\u201c, koja je prije godinu dana uzletjela, vrijedno radila i sakupljala med, imala pri tome i odre\u0111enih problema (naravno, prije svega financijskih), ali ih je sve nadvladala i \u017eeli \u201eletjeti\u201c dalje, vi\u0161e i uspje\u0161nije. I uz va\u0161u pomo\u0107, pa zato, podr\u017eite nas! \u2013 stoji u rije\u010di urednika Dobre Zovke.<\/p>\n<p style=\"text-align: justify;\">Novi broj \u010dasopisa P\u010dela mo\u017eete preuzeti na <a href=\"http:\/\/www.brotnjo-online.com\/images\/pdf_all\/pcela4.pdf\" target=\"_blank\" rel=\"noopener noreferrer\">ovom linku.<\/a><\/p>\n<p style=\"text-align: justify;\">\u00a0<\/p>\n<p style=\"text-align: right;\"><span style=\"font-size: 8pt;\"><strong>brotnjo.info<\/strong><\/span><\/p>\n","protected":false},"excerpt":{"rendered":"<div class=\"mh-excerpt\"><p>Ovih dana iz tiska je iza\u0161ao novi, 4. broj, \u010dasopisa saveza p\u010delara \u201eP\u010dela\u201c, koji ovim slavi svoj prvi ro\u0111endan. Savez <a class=\"mh-excerpt-more\" href=\"https:\/\/ljportal.com\/arhiva\/preuzmite-i-citajte-4-broj-casopisa-qpcelaq\/\" title=\"Preuzmite i \u010ditajte 4. broj \u010dasopisa &#8220;P\u010dela&#8221;\">&#8230;<\/a><\/p>\n<\/div>","protected":false},"author":1,"featured_media":17788,"comment_status":"open","ping_status":"open","sticky":false,"template":"","format":"standard","meta":{"footnotes":""},"categories":[19],"tags":[],"class_list":["post-17789","post","type-post","status-publish","format-standard","has-post-thumbnail","hentry","category-drustvo-drustvo"],"_links":{"self":[{"href":"https:\/\/ljportal.com\/arhiva\/wp-json\/wp\/v2\/posts\/17789","targetHints":{"allow":["GET"]}}],"collection":[{"href":"https:\/\/ljportal.com\/arhiva\/wp-json\/wp\/v2\/posts"}],"about":[{"href":"https:\/\/ljportal.com\/arhiva\/wp-json\/wp\/v2\/types\/post"}],"author":[{"embeddable":true,"href":"https:\/\/ljportal.com\/arhiva\/wp-json\/wp\/v2\/users\/1"}],"replies":[{"embeddable":true,"href":"https:\/\/ljportal.com\/arhiva\/wp-json\/wp\/v2\/comments?post=17789"}],"version-history":[{"count":0,"href":"https:\/\/ljportal.com\/arhiva\/wp-json\/wp\/v2\/posts\/17789\/revisions"}],"wp:featuredmedia":[{"embeddable":true,"href":"https:\/\/ljportal.com\/arhiva\/wp-json\/wp\/v2\/media\/17788"}],"wp:attachment":[{"href":"https:\/\/ljportal.com\/arhiva\/wp-json\/wp\/v2\/media?parent=17789"}],"wp:term":[{"taxonomy":"category","embeddable":true,"href":"https:\/\/ljportal.com\/arhiva\/wp-json\/wp\/v2\/categories?post=17789"},{"taxonomy":"post_tag","embeddable":true,"href":"https:\/\/ljportal.com\/arhiva\/wp-json\/wp\/v2\/tags?post=17789"}],"curies":[{"name":"wp","href":"https:\/\/api.w.org\/{rel}","templated":true}]}}