{"id":17795,"date":"2013-08-05T13:36:41","date_gmt":"2013-08-05T11:36:41","guid":{"rendered":"https:\/\/ljportal.com\/arhiva\/2013\/08\/05\/najava-knjizevna-vecer-qrijek-iz-kamenaq\/"},"modified":"2013-08-05T13:36:41","modified_gmt":"2013-08-05T11:36:41","slug":"najava-knjizevna-vecer-qrijek-iz-kamenaq","status":"publish","type":"post","link":"https:\/\/ljportal.com\/arhiva\/najava-knjizevna-vecer-qrijek-iz-kamenaq\/","title":{"rendered":"NAJAVA: Knji\u017eevna ve\u010der &#8220;RIJEK IZ KAMENA&#8221;"},"content":{"rendered":"<p style=\"text-align: justify;\">Jo\u0161 samo par dana nas dijeli od \u010detvrte po redu poetsko-knji\u017eevne manifestacije &#8220;RIJEK IZ KAMENA&#8221; koja \u0107e se odr\u017eati u srijedu, 07.08.2013. u restoranu &#8220;STAKLO&#8221; u Po\u010ditelju s po\u010detkom u 21h. Na ovogodi\u0161njem RIJEKU publici \u0107e se predstaviti 22 pjesnika. Ve\u010der poezije \u0107e upotpunit Vido\u0161ta\u010dka kraljica.<\/p>\n<p>  <!--more-->  <\/p>\n<p style=\"text-align: justify;\">Pozivamo Vas da ve\u010der provedemo zajedno u ugodnom dru\u017eenju!<\/p>\n<p style=\"text-align: justify;\"><img decoding=\"async\" style=\"margin-top: 6px; margin-right: 0px; margin-bottom: 6px;\" src=\"https:\/\/mail.google.com\/mail\/u\/0\/?ui=2&#038;ik=f68eae8449&#038;view=att&#038;th=1404decff6914466&#038;attid=0.2&#038;disp=inline&#038;realattid=f_hjzhrp001&#038;safe=1&#038;zw\" alt=\"musa\" width=\"525\" \/><\/p>\n<p style=\"text-align: right;\"><span style=\"font-size: 8pt;\"><strong>LJ::portal<\/strong><\/span><\/p>\n","protected":false},"excerpt":{"rendered":"<div class=\"mh-excerpt\"><p>Jo\u0161 samo par dana nas dijeli od \u010detvrte po redu poetsko-knji\u017eevne manifestacije &#8220;RIJEK IZ KAMENA&#8221; koja \u0107e se odr\u017eati u <a class=\"mh-excerpt-more\" href=\"https:\/\/ljportal.com\/arhiva\/najava-knjizevna-vecer-qrijek-iz-kamenaq\/\" title=\"NAJAVA: Knji\u017eevna ve\u010der &#8220;RIJEK IZ KAMENA&#8221;\">&#8230;<\/a><\/p>\n<\/div>","protected":false},"author":1,"featured_media":17794,"comment_status":"open","ping_status":"open","sticky":false,"template":"","format":"standard","meta":{"footnotes":""},"categories":[22],"tags":[],"class_list":["post-17795","post","type-post","status-publish","format-standard","has-post-thumbnail","hentry","category-kultura-kultura"],"_links":{"self":[{"href":"https:\/\/ljportal.com\/arhiva\/wp-json\/wp\/v2\/posts\/17795","targetHints":{"allow":["GET"]}}],"collection":[{"href":"https:\/\/ljportal.com\/arhiva\/wp-json\/wp\/v2\/posts"}],"about":[{"href":"https:\/\/ljportal.com\/arhiva\/wp-json\/wp\/v2\/types\/post"}],"author":[{"embeddable":true,"href":"https:\/\/ljportal.com\/arhiva\/wp-json\/wp\/v2\/users\/1"}],"replies":[{"embeddable":true,"href":"https:\/\/ljportal.com\/arhiva\/wp-json\/wp\/v2\/comments?post=17795"}],"version-history":[{"count":0,"href":"https:\/\/ljportal.com\/arhiva\/wp-json\/wp\/v2\/posts\/17795\/revisions"}],"wp:featuredmedia":[{"embeddable":true,"href":"https:\/\/ljportal.com\/arhiva\/wp-json\/wp\/v2\/media\/17794"}],"wp:attachment":[{"href":"https:\/\/ljportal.com\/arhiva\/wp-json\/wp\/v2\/media?parent=17795"}],"wp:term":[{"taxonomy":"category","embeddable":true,"href":"https:\/\/ljportal.com\/arhiva\/wp-json\/wp\/v2\/categories?post=17795"},{"taxonomy":"post_tag","embeddable":true,"href":"https:\/\/ljportal.com\/arhiva\/wp-json\/wp\/v2\/tags?post=17795"}],"curies":[{"name":"wp","href":"https:\/\/api.w.org\/{rel}","templated":true}]}}