{"id":17797,"date":"2013-08-05T21:31:16","date_gmt":"2013-08-05T19:31:16","guid":{"rendered":"https:\/\/ljportal.com\/arhiva\/2013\/08\/05\/foto-odrzana-3-vasarovska-vecer\/"},"modified":"2013-08-05T21:31:16","modified_gmt":"2013-08-05T19:31:16","slug":"foto-odrzana-3-vasarovska-vecer","status":"publish","type":"post","link":"https:\/\/ljportal.com\/arhiva\/foto-odrzana-3-vasarovska-vecer\/","title":{"rendered":"FOTO: Odr\u017eana 3. Va\u0161arovska ve\u010der"},"content":{"rendered":"<p style=\"text-align: justify;\">U organizaciji Kulturno umjetni\u010dkog dru\u0161tva i Mjesne Zajednice Va\u0161arovi\u0107i u subotu na \u201eLitnji Stipanjdan\u201c odr\u017eana je 3. Va\u0161arovska ve\u010der u dvori\u0161tu Osnovne \u0161kole u Va\u0161arovi\u0107ima.<\/p>\n<p>  <!--more-->  <\/p>\n<p style=\"text-align: justify;\">Nastupila su Kulturno umjetni\u010dka dru\u0161tva: Va\u0161arovi\u0107i, Dukat Vladislavci (\u0110akovo), Prenj (Stolac), Milan Begovi\u0107 (Vrlika), Na\u0161i korijeni (Bobanovo), Sveti Ivan Krstitelj (Ru\u017ei\u0107i), diplar Drago Mi\u0161eti\u0107, te Ante Petkovi\u0107 i prijatelji. Bila je to istinska ve\u010der narodnih i tradicijskih obi\u010daja,\u00a0 ve\u010der narodnog veselja, pjesme, plesa i igara, uz bogatu tombolu i jo\u0161 bogatiju trpezu. Koliko su organizatori iz Va\u0161arovi\u0107a odu\u0161evili svoje goste najbolje govore pozivi upu\u0107eni HKUD Va\u0161arovi\u0107i iz Vrlike i Prenja za gostovanje u tim mjestima.<\/p>\n<p style=\"text-align: justify;\"><img decoding=\"async\" style=\"margin-top: 6px; margin-right: 0px; margin-bottom: 6px;\" src=\"http:\/\/www.radioljubuski.ba\/images\/stories\/2013\/fotogalerije\/vasar\/vasar2.jpg\" alt=\"vasar\" width=\"525\" \/><\/p>\n<p style=\"text-align: justify;\"><img decoding=\"async\" style=\"margin-top: 6px; margin-right: 0px; margin-bottom: 6px;\" src=\"http:\/\/www.radioljubuski.ba\/images\/stories\/2013\/fotogalerije\/vasar\/vasar3.jpg\" alt=\"vasar\" width=\"525\" \/><\/p>\n<p style=\"text-align: justify;\"><img decoding=\"async\" style=\"margin-top: 6px; margin-right: 0px; margin-bottom: 6px;\" src=\"http:\/\/www.radioljubuski.ba\/images\/stories\/2013\/fotogalerije\/vasar\/vasar4.jpg\" alt=\"vasar\" width=\"525\" \/><\/p>\n<p style=\"text-align: justify;\"><img decoding=\"async\" style=\"margin-top: 6px; margin-right: 0px; margin-bottom: 6px;\" src=\"http:\/\/www.radioljubuski.ba\/images\/stories\/2013\/fotogalerije\/vasar\/vasar6.jpg\" alt=\"vasar\" width=\"525\" \/><\/p>\n<p style=\"text-align: justify;\"><span style=\"font-size: 8pt;\"><strong>Drago Vukojevi\u0107 | Radio Ljubu\u0161ki<\/strong><\/span><\/p>\n","protected":false},"excerpt":{"rendered":"<div class=\"mh-excerpt\"><p>U organizaciji Kulturno umjetni\u010dkog dru\u0161tva i Mjesne Zajednice Va\u0161arovi\u0107i u subotu na \u201eLitnji Stipanjdan\u201c odr\u017eana je 3. Va\u0161arovska ve\u010der u <a class=\"mh-excerpt-more\" href=\"https:\/\/ljportal.com\/arhiva\/foto-odrzana-3-vasarovska-vecer\/\" title=\"FOTO: Odr\u017eana 3. Va\u0161arovska ve\u010der\">&#8230;<\/a><\/p>\n<\/div>","protected":false},"author":1,"featured_media":17796,"comment_status":"open","ping_status":"open","sticky":false,"template":"","format":"standard","meta":{"footnotes":""},"categories":[19],"tags":[],"class_list":["post-17797","post","type-post","status-publish","format-standard","has-post-thumbnail","hentry","category-drustvo-drustvo"],"_links":{"self":[{"href":"https:\/\/ljportal.com\/arhiva\/wp-json\/wp\/v2\/posts\/17797","targetHints":{"allow":["GET"]}}],"collection":[{"href":"https:\/\/ljportal.com\/arhiva\/wp-json\/wp\/v2\/posts"}],"about":[{"href":"https:\/\/ljportal.com\/arhiva\/wp-json\/wp\/v2\/types\/post"}],"author":[{"embeddable":true,"href":"https:\/\/ljportal.com\/arhiva\/wp-json\/wp\/v2\/users\/1"}],"replies":[{"embeddable":true,"href":"https:\/\/ljportal.com\/arhiva\/wp-json\/wp\/v2\/comments?post=17797"}],"version-history":[{"count":0,"href":"https:\/\/ljportal.com\/arhiva\/wp-json\/wp\/v2\/posts\/17797\/revisions"}],"wp:featuredmedia":[{"embeddable":true,"href":"https:\/\/ljportal.com\/arhiva\/wp-json\/wp\/v2\/media\/17796"}],"wp:attachment":[{"href":"https:\/\/ljportal.com\/arhiva\/wp-json\/wp\/v2\/media?parent=17797"}],"wp:term":[{"taxonomy":"category","embeddable":true,"href":"https:\/\/ljportal.com\/arhiva\/wp-json\/wp\/v2\/categories?post=17797"},{"taxonomy":"post_tag","embeddable":true,"href":"https:\/\/ljportal.com\/arhiva\/wp-json\/wp\/v2\/tags?post=17797"}],"curies":[{"name":"wp","href":"https:\/\/api.w.org\/{rel}","templated":true}]}}