{"id":17802,"date":"2013-08-06T11:05:18","date_gmt":"2013-08-06T09:05:18","guid":{"rendered":"https:\/\/ljportal.com\/arhiva\/2013\/08\/06\/foto-skola-plivanja-na-humcu\/"},"modified":"2013-08-06T11:05:18","modified_gmt":"2013-08-06T09:05:18","slug":"foto-skola-plivanja-na-humcu","status":"publish","type":"post","link":"https:\/\/ljportal.com\/arhiva\/foto-skola-plivanja-na-humcu\/","title":{"rendered":"FOTO: \u0160kola plivanja na Humcu"},"content":{"rendered":"<p style=\"text-align: justify;\">Dru\u0161tvo pedagoga tjelesne i zdravstvene kulture op\u0107ine Ljubu\u0161ki \u010detvrtu godinu za redom u suradnji sa tvrtkom &#8220;Jure Bazeni&#8221; na Humcu organiziraju &#8220;\u0160kolu plivanja&#8221; za nepliva\u010de, pliva\u010de po\u010detnike i napredne pliva\u010de.<\/p>\n<p>  <!--more-->  <\/p>\n<p style=\"text-align: justify;\">U subotu 03. kolovoza 2013.g. zavr\u0161io je drugi turnus u kojem je oko 40-ero djece uspje\u0161no zavr\u0161ilo svoje stupnjeve. Drugi turnus je obilje\u017eio veliki broj naprednih pliva\u010da koji su izvrsno savladali dvije tehnike plivanja. Zbog velikog interesa djece popunjen je i tre\u0107i turnus koji po\u010dinje 06. kolovoza 2013.g.<\/p>\n<p style=\"text-align: justify;\">\u00a0<\/p>\n<p style=\"text-align: justify;\">\u00a0\u00a0\u00a0 I. grupa 10:00h<br \/>\u00a0\u00a0\u00a0 II. grupa 11:30h<br \/>\u00a0\u00a0\u00a0 III. grupa 13:00h<\/p>\n<p style=\"text-align: justify;\">\u00a0<\/p>\n<p style=\"text-align: justify;\">Za sve Informacije zainteresirani se mogu javiti u\u010diteljima plivanja:<\/p>\n<p style=\"text-align: justify;\">prof. Zvonko Herceg 063\/416-436<\/p>\n<p style=\"text-align: justify;\">prof. Ante Vu\u010di\u0107 063\/407-144<\/p>\n<p style=\"text-align: justify;\"><img decoding=\"async\" style=\"margin-top: 6px; margin-right: 0px; margin-bottom: 6px;\" src=\"http:\/\/radisici.ba\/images\/foto\/spliv\/slika%20%283%29.jpg\" alt=\"pliv\" width=\"525\" \/><\/p>\n<p style=\"text-align: justify;\"><img decoding=\"async\" style=\"margin-top: 6px; margin-right: 0px; margin-bottom: 6px;\" src=\"http:\/\/radisici.ba\/images\/foto\/spliv\/slika%20%281%29.JPG\" alt=\"pl\" width=\"525\" \/><\/p>\n<p style=\"text-align: justify;\"><img decoding=\"async\" style=\"margin-top: 6px; margin-right: 0px; margin-bottom: 6px;\" src=\"http:\/\/radisici.ba\/images\/foto\/spliv\/slika%20%286%29.JPG\" alt=\"pl\" width=\"525\" \/><\/p>\n<p style=\"text-align: right;\"><span style=\"font-size: 8pt;\"><strong>radisici.ba<\/strong><\/span><\/p>\n","protected":false},"excerpt":{"rendered":"<div class=\"mh-excerpt\"><p>Dru\u0161tvo pedagoga tjelesne i zdravstvene kulture op\u0107ine Ljubu\u0161ki \u010detvrtu godinu za redom u suradnji sa tvrtkom &#8220;Jure Bazeni&#8221; na Humcu <a class=\"mh-excerpt-more\" href=\"https:\/\/ljportal.com\/arhiva\/foto-skola-plivanja-na-humcu\/\" title=\"FOTO: \u0160kola plivanja na Humcu\">&#8230;<\/a><\/p>\n<\/div>","protected":false},"author":1,"featured_media":17801,"comment_status":"open","ping_status":"open","sticky":false,"template":"","format":"standard","meta":{"footnotes":""},"categories":[20],"tags":[],"class_list":["post-17802","post","type-post","status-publish","format-standard","has-post-thumbnail","hentry","category-sport-sport"],"_links":{"self":[{"href":"https:\/\/ljportal.com\/arhiva\/wp-json\/wp\/v2\/posts\/17802","targetHints":{"allow":["GET"]}}],"collection":[{"href":"https:\/\/ljportal.com\/arhiva\/wp-json\/wp\/v2\/posts"}],"about":[{"href":"https:\/\/ljportal.com\/arhiva\/wp-json\/wp\/v2\/types\/post"}],"author":[{"embeddable":true,"href":"https:\/\/ljportal.com\/arhiva\/wp-json\/wp\/v2\/users\/1"}],"replies":[{"embeddable":true,"href":"https:\/\/ljportal.com\/arhiva\/wp-json\/wp\/v2\/comments?post=17802"}],"version-history":[{"count":0,"href":"https:\/\/ljportal.com\/arhiva\/wp-json\/wp\/v2\/posts\/17802\/revisions"}],"wp:featuredmedia":[{"embeddable":true,"href":"https:\/\/ljportal.com\/arhiva\/wp-json\/wp\/v2\/media\/17801"}],"wp:attachment":[{"href":"https:\/\/ljportal.com\/arhiva\/wp-json\/wp\/v2\/media?parent=17802"}],"wp:term":[{"taxonomy":"category","embeddable":true,"href":"https:\/\/ljportal.com\/arhiva\/wp-json\/wp\/v2\/categories?post=17802"},{"taxonomy":"post_tag","embeddable":true,"href":"https:\/\/ljportal.com\/arhiva\/wp-json\/wp\/v2\/tags?post=17802"}],"curies":[{"name":"wp","href":"https:\/\/api.w.org\/{rel}","templated":true}]}}