{"id":17804,"date":"2013-08-06T11:26:32","date_gmt":"2013-08-06T09:26:32","guid":{"rendered":"https:\/\/ljportal.com\/arhiva\/2013\/08\/06\/foto-jedanaesta-zviricka-vecer\/"},"modified":"2013-08-06T11:26:32","modified_gmt":"2013-08-06T09:26:32","slug":"foto-jedanaesta-zviricka-vecer","status":"publish","type":"post","link":"https:\/\/ljportal.com\/arhiva\/foto-jedanaesta-zviricka-vecer\/","title":{"rendered":"FOTO: Jedanaesta Zviri\u0107ka ve\u010der"},"content":{"rendered":"<p style=\"text-align: justify;\">Jedanaesta Zviri\u0107ka ve\u010der, u organizaciji Zviri\u0107ke hrvatske zajednice, odr\u017eana u subotu i nedjelju (3. i 4. kolovoza). U crkvi Svih svetih na Suletu blagoslovljena je zavjetna slika hrvatskih svetaca i bla\u017eenika koju je naslikao mladi umjetnik Jure Paponja. Slika je dar Vinka Jurkovi\u0107a+Joze i Jure Paponje.<\/p>\n<p>  <!--more-->  <\/p>\n<p style=\"text-align: justify;\">Nakon toga je uslijedila sveta misa koju je predvodio slanski gvardijan i \u017eupnik fra Ljudevit Lasta uz koncelebraciju \u0161est sve\u0107enika.<\/p>\n<p style=\"text-align: justify;\">Proslava je nastavljena na igrali\u0161tu ispred Zviri\u0107ke ku\u0107e uz kulturno-zabavni program u kojem su nastupili mlade\u017e ZHZ-a, \u017deljko Ke\u017ea na diplama, Dario Petrovi\u0107-I\u017ei\u0107 na guslama, doma\u0107i te odseljeni ganga\u0161i, glazbeni sastav Trio Adria iz Splita, Ine Tadi\u0107 i hercegova\u010dki be\u0107ari i Trio gu\u0161ti iz Splita. Jedanaesta Zviri\u0107ka ve\u010der zavr\u0161ila je u nedjelju proslavom svete mise na starovjekovnom groblju na Kosi koju je predvodio fra Ivan-Iko Paponja.<\/p>\n<p style=\"text-align: justify;\"><img decoding=\"async\" style=\"margin-top: 6px; margin-right: 0px; margin-bottom: 6px;\" src=\"http:\/\/www.radioljubuski.ba\/images\/stories\/2013\/fotogalerije\/zvir_vec\/vecer_zv1.jpg\" alt=\"zvi\" width=\"525\" \/><\/p>\n<p style=\"text-align: justify;\"><img decoding=\"async\" style=\"margin-top: 6px; margin-right: 0px; margin-bottom: 6px;\" src=\"http:\/\/www.radioljubuski.ba\/images\/stories\/2013\/fotogalerije\/zvir_vec\/vecer_zv3.jpg\" alt=\"zv\" width=\"525\" \/><\/p>\n<p style=\"text-align: justify;\">\u00a0<img decoding=\"async\" style=\"margin-top: 6px; margin-right: 0px; margin-bottom: 6px;\" src=\"http:\/\/www.radioljubuski.ba\/images\/stories\/2013\/fotogalerije\/zvir_vec\/vecer_zv5.jpg\" alt=\"zvi\" width=\"525\" \/><\/p>\n<p style=\"text-align: justify;\"><img decoding=\"async\" style=\"margin-top: 6px; margin-right: 0px; margin-bottom: 6px;\" src=\"http:\/\/www.radioljubuski.ba\/images\/stories\/2013\/fotogalerije\/zvir_vec\/vecer_zv6.jpg\" alt=\"zv\" width=\"525\" \/><\/p>\n<p style=\"text-align: right;\"><span style=\"font-size: 8pt;\"><strong>radioljubuski.ba<\/strong><\/span><\/p>\n","protected":false},"excerpt":{"rendered":"<div class=\"mh-excerpt\"><p>Jedanaesta Zviri\u0107ka ve\u010der, u organizaciji Zviri\u0107ke hrvatske zajednice, odr\u017eana u subotu i nedjelju (3. i 4. kolovoza). U crkvi Svih <a class=\"mh-excerpt-more\" href=\"https:\/\/ljportal.com\/arhiva\/foto-jedanaesta-zviricka-vecer\/\" title=\"FOTO: Jedanaesta Zviri\u0107ka ve\u010der\">&#8230;<\/a><\/p>\n<\/div>","protected":false},"author":1,"featured_media":17803,"comment_status":"open","ping_status":"open","sticky":false,"template":"","format":"standard","meta":{"footnotes":""},"categories":[19],"tags":[],"class_list":["post-17804","post","type-post","status-publish","format-standard","has-post-thumbnail","hentry","category-drustvo-drustvo"],"_links":{"self":[{"href":"https:\/\/ljportal.com\/arhiva\/wp-json\/wp\/v2\/posts\/17804","targetHints":{"allow":["GET"]}}],"collection":[{"href":"https:\/\/ljportal.com\/arhiva\/wp-json\/wp\/v2\/posts"}],"about":[{"href":"https:\/\/ljportal.com\/arhiva\/wp-json\/wp\/v2\/types\/post"}],"author":[{"embeddable":true,"href":"https:\/\/ljportal.com\/arhiva\/wp-json\/wp\/v2\/users\/1"}],"replies":[{"embeddable":true,"href":"https:\/\/ljportal.com\/arhiva\/wp-json\/wp\/v2\/comments?post=17804"}],"version-history":[{"count":0,"href":"https:\/\/ljportal.com\/arhiva\/wp-json\/wp\/v2\/posts\/17804\/revisions"}],"wp:featuredmedia":[{"embeddable":true,"href":"https:\/\/ljportal.com\/arhiva\/wp-json\/wp\/v2\/media\/17803"}],"wp:attachment":[{"href":"https:\/\/ljportal.com\/arhiva\/wp-json\/wp\/v2\/media?parent=17804"}],"wp:term":[{"taxonomy":"category","embeddable":true,"href":"https:\/\/ljportal.com\/arhiva\/wp-json\/wp\/v2\/categories?post=17804"},{"taxonomy":"post_tag","embeddable":true,"href":"https:\/\/ljportal.com\/arhiva\/wp-json\/wp\/v2\/tags?post=17804"}],"curies":[{"name":"wp","href":"https:\/\/api.w.org\/{rel}","templated":true}]}}