{"id":17806,"date":"2013-08-06T12:03:43","date_gmt":"2013-08-06T10:03:43","guid":{"rendered":"https:\/\/ljportal.com\/arhiva\/2013\/08\/06\/v-d-ljubuski-oprez-pocinje-sezona-pozara\/"},"modified":"2013-08-06T12:03:43","modified_gmt":"2013-08-06T10:03:43","slug":"v-d-ljubuski-oprez-pocinje-sezona-pozara","status":"publish","type":"post","link":"https:\/\/ljportal.com\/arhiva\/v-d-ljubuski-oprez-pocinje-sezona-pozara\/","title":{"rendered":"V D Ljubu\u0161ki: Oprez, po\u010dinje sezona po\u017eara"},"content":{"rendered":"<p style=\"text-align: justify;\">Vatrogasno dru\u0161tvo Ljubu\u0161ki proteklih je dana imalo osam intervencija. Izme\u0111u ostalog, zaprimljene su dojave o po\u017earu u mjestima: Otok, Vitaljina, Klobuk, Klobu\u010dko brdo te u naselju Gradska. Zapovjednik Vatrogasnog dru\u0161tva Ljubu\u0161ki Ivica \u0160imi\u0107, daju\u0107i ove informacije, apelira na svijest svih gra\u0111ana Ljubu\u0161kog na provo\u0111enje<\/p>\n<p>  <!--more-->  <\/p>\n<p style=\"text-align: justify;\">odgovaraju\u0107ih mjera i aktivnosti za\u0161tite od po\u017eara.<\/p>\n<p style=\"text-align: justify;\">&#8220;S obzirom na ekstremne vru\u0107ine te manjak opreme i ljudstva, stanje za djelatnike Vatrogasnog dru\u0161tva Ljubu\u0161ki je veoma te\u0161ko, naro\u010dito u proteklih tjedan dana. Radimo koliko mo\u017eemo, dajemo zadnji atom snage. Ovim putem pozivamo sve gra\u0111ane na pove\u0107anu pa\u017enju i oprez kod eventualnog paljenja vatre, kako bi se izbjegle ne\u017eeljene posljedice&#8221;, poruka je zapovjednika Vatrogasnog dru\u0161tva Ljubu\u0161ki Ivice \u0160imi\u0107a.<\/p>\n<p style=\"text-align: right;\"><strong><span style=\"font-size: 8pt;\">Antonela Marinovi\u0107 | Radio Ljubu\u0161ki<\/span><\/strong><\/p>\n","protected":false},"excerpt":{"rendered":"<div class=\"mh-excerpt\"><p>Vatrogasno dru\u0161tvo Ljubu\u0161ki proteklih je dana imalo osam intervencija. Izme\u0111u ostalog, zaprimljene su dojave o po\u017earu u mjestima: Otok, Vitaljina, <a class=\"mh-excerpt-more\" href=\"https:\/\/ljportal.com\/arhiva\/v-d-ljubuski-oprez-pocinje-sezona-pozara\/\" title=\"V D Ljubu\u0161ki: Oprez, po\u010dinje sezona po\u017eara\">&#8230;<\/a><\/p>\n<\/div>","protected":false},"author":1,"featured_media":17805,"comment_status":"open","ping_status":"open","sticky":false,"template":"","format":"standard","meta":{"footnotes":""},"categories":[19],"tags":[],"class_list":["post-17806","post","type-post","status-publish","format-standard","has-post-thumbnail","hentry","category-drustvo-drustvo"],"_links":{"self":[{"href":"https:\/\/ljportal.com\/arhiva\/wp-json\/wp\/v2\/posts\/17806","targetHints":{"allow":["GET"]}}],"collection":[{"href":"https:\/\/ljportal.com\/arhiva\/wp-json\/wp\/v2\/posts"}],"about":[{"href":"https:\/\/ljportal.com\/arhiva\/wp-json\/wp\/v2\/types\/post"}],"author":[{"embeddable":true,"href":"https:\/\/ljportal.com\/arhiva\/wp-json\/wp\/v2\/users\/1"}],"replies":[{"embeddable":true,"href":"https:\/\/ljportal.com\/arhiva\/wp-json\/wp\/v2\/comments?post=17806"}],"version-history":[{"count":0,"href":"https:\/\/ljportal.com\/arhiva\/wp-json\/wp\/v2\/posts\/17806\/revisions"}],"wp:featuredmedia":[{"embeddable":true,"href":"https:\/\/ljportal.com\/arhiva\/wp-json\/wp\/v2\/media\/17805"}],"wp:attachment":[{"href":"https:\/\/ljportal.com\/arhiva\/wp-json\/wp\/v2\/media?parent=17806"}],"wp:term":[{"taxonomy":"category","embeddable":true,"href":"https:\/\/ljportal.com\/arhiva\/wp-json\/wp\/v2\/categories?post=17806"},{"taxonomy":"post_tag","embeddable":true,"href":"https:\/\/ljportal.com\/arhiva\/wp-json\/wp\/v2\/tags?post=17806"}],"curies":[{"name":"wp","href":"https:\/\/api.w.org\/{rel}","templated":true}]}}