{"id":17828,"date":"2013-08-08T07:43:19","date_gmt":"2013-08-08T05:43:19","guid":{"rendered":"https:\/\/ljportal.com\/arhiva\/2013\/08\/08\/mladi-iz-cijeloga-svijeta-tjedan-dana-zivjeli-u-molitvi-i-pjesmi\/"},"modified":"2013-08-08T07:43:19","modified_gmt":"2013-08-08T05:43:19","slug":"mladi-iz-cijeloga-svijeta-tjedan-dana-zivjeli-u-molitvi-i-pjesmi","status":"publish","type":"post","link":"https:\/\/ljportal.com\/arhiva\/mladi-iz-cijeloga-svijeta-tjedan-dana-zivjeli-u-molitvi-i-pjesmi\/","title":{"rendered":"Mladi iz cijeloga svijeta tjedan dana \u017eivjeli u molitvi i pjesmi"},"content":{"rendered":"<p style=\"text-align: justify;\">Mladifest 2013. zavr\u0161io je u Me\u0111ugorju misnim slavljem u ranu zoru, na blagdan Preobra\u017eenja Gospodinova, na brdu Kri\u017eevcu. Uz nazo\u010dnost tisu\u0107e i tisu\u0107e mladih euharistijsko slavlje je predslavio fra Danko Perutina, koordinator molitvenog susreta mladih. On je u svom obra\u0107anju mladima rekao:<\/p>\n<p>  <!--more-->  <\/p>\n<p style=\"text-align: justify;\">\u201cMi sudionici na zavr\u0161noj misi molitvenog susreta mladih ka\u017eemo Gospodinu i dajemo mu svoje obe\u0107anje da \u0107emo nastaviti putem onim na koji nas je on pozvao budu\u0107i da je rekao za sebe: \u201cJa sam put, istina i \u017eivot\u201d. \u010cetrdeset tisu\u0107a mladih iz vi\u0161e od 60 zemalja svijeta sa svih kontinenata i strana svijeta s oko 500 sve\u0107enika bilo je nazo\u010dno na tradicionalnom 24. me\u0111unarodnom susretu mlade\u017ei &#8211; popularnom Mladifestu u sveti\u0161tu Kraljice mira u Me\u0111ugorju. U hercegova\u010dkom sveti\u0161tu su se proteklih dana okupili mladi svih boja, rasa i nacija.<\/p>\n<p style=\"text-align: justify;\">\u00a0<\/p>\n<p style=\"text-align: justify;\"><strong>Procesija sa svije\u0107ama<\/strong><\/p>\n<p style=\"text-align: justify;\">\u00a0<\/p>\n<p style=\"text-align: justify;\">Program koji je mlade u Me\u0111ugorju okupljao tijekom cijeloga tjedna protekao je ispunjen molitvom, pjesmom, svjedo\u010danstvima, obra\u0107eni\u010dkim iskustvima, klanjanjima i misnim slavljima. Posebno je bila zanimljiva procesija s upaljenim svije\u0107ama kroz me\u0111ugorsku \u017eupu i program s predstavom \u201cCredo\u201d Zajednice Cenacelo. Tijekom susreta organiziran je orkestar i zbor koji su sa\u010dinjavali glazbenici iz mnogih zemalja svijeta, a koji su pjesmom uveli\u010dali ovo dru\u017eenje mlade\u017ei svijeta. Impresivan susret mladih koji je trajao od 1. do 6. kolovoza zavr\u0161io je ju\u010der na brdu Kri\u017eevcu, misnim slavljem pokraj tamo\u0161njeg velikog betonsko-armiranog kri\u017ea izgra\u0111enog prije 79 godina. Izgra\u0111en je rukama \u017eupljana Me\u0111ugorja 1934. godine, a visok je 8,5 metara. Program festivala mladih prevodilo se simultano na 17 svjetskih jezika. Zadnjeg dana mladima se predstavila zajednica Milosrdni otac koja djeluje u Bijakovi\u0107ima u \u017eupi Medjugorje. Zajednicu je mladima predstavio njen upravitelj fra Svetozar Kraljevi\u0107.<\/p>\n<p style=\"text-align: justify;\">\u00a0<\/p>\n<p style=\"text-align: justify;\"><strong>Ni vrijeme nije smetalo<\/strong><\/p>\n<p style=\"text-align: justify;\">\u00a0<\/p>\n<p style=\"text-align: justify;\">Zanimljivo, iako su proteklih dana bile velike vru\u0107ine u Me\u0111ugorju, mladi su i ujutro i poslijepodne bili nazo\u010dni brojnim svjedo\u010danstvima, predavanjima, te redovitom ve\u010dernjem molitvenom programu i pljeskom pozdravili svaki nastup zajedni\u010dkog zbora i orkestra ovog molitvenog susreta mlade\u017ei.<\/p>\n<p style=\"text-align: justify;\">\u00a0<\/p>\n<p style=\"text-align: right;\"><span style=\"font-size: 8pt;\"><strong>\u00a0Marijan Sivri\u0107 | Ve\u010dernji list<\/strong><\/span><\/p>\n","protected":false},"excerpt":{"rendered":"<div class=\"mh-excerpt\"><p>Mladifest 2013. zavr\u0161io je u Me\u0111ugorju misnim slavljem u ranu zoru, na blagdan Preobra\u017eenja Gospodinova, na brdu Kri\u017eevcu. Uz nazo\u010dnost <a class=\"mh-excerpt-more\" href=\"https:\/\/ljportal.com\/arhiva\/mladi-iz-cijeloga-svijeta-tjedan-dana-zivjeli-u-molitvi-i-pjesmi\/\" title=\"Mladi iz cijeloga svijeta tjedan dana \u017eivjeli u molitvi i pjesmi\">&#8230;<\/a><\/p>\n<\/div>","protected":false},"author":1,"featured_media":17827,"comment_status":"open","ping_status":"open","sticky":false,"template":"","format":"standard","meta":{"footnotes":""},"categories":[19],"tags":[],"class_list":["post-17828","post","type-post","status-publish","format-standard","has-post-thumbnail","hentry","category-drustvo-drustvo"],"_links":{"self":[{"href":"https:\/\/ljportal.com\/arhiva\/wp-json\/wp\/v2\/posts\/17828","targetHints":{"allow":["GET"]}}],"collection":[{"href":"https:\/\/ljportal.com\/arhiva\/wp-json\/wp\/v2\/posts"}],"about":[{"href":"https:\/\/ljportal.com\/arhiva\/wp-json\/wp\/v2\/types\/post"}],"author":[{"embeddable":true,"href":"https:\/\/ljportal.com\/arhiva\/wp-json\/wp\/v2\/users\/1"}],"replies":[{"embeddable":true,"href":"https:\/\/ljportal.com\/arhiva\/wp-json\/wp\/v2\/comments?post=17828"}],"version-history":[{"count":0,"href":"https:\/\/ljportal.com\/arhiva\/wp-json\/wp\/v2\/posts\/17828\/revisions"}],"wp:featuredmedia":[{"embeddable":true,"href":"https:\/\/ljportal.com\/arhiva\/wp-json\/wp\/v2\/media\/17827"}],"wp:attachment":[{"href":"https:\/\/ljportal.com\/arhiva\/wp-json\/wp\/v2\/media?parent=17828"}],"wp:term":[{"taxonomy":"category","embeddable":true,"href":"https:\/\/ljportal.com\/arhiva\/wp-json\/wp\/v2\/categories?post=17828"},{"taxonomy":"post_tag","embeddable":true,"href":"https:\/\/ljportal.com\/arhiva\/wp-json\/wp\/v2\/tags?post=17828"}],"curies":[{"name":"wp","href":"https:\/\/api.w.org\/{rel}","templated":true}]}}