{"id":17838,"date":"2013-08-07T04:45:41","date_gmt":"2013-08-07T02:45:41","guid":{"rendered":"https:\/\/ljportal.com\/arhiva\/2013\/08\/07\/foto-odrzana-knjizevna-vecer-rijek-iz-kamena\/"},"modified":"2013-08-07T04:45:41","modified_gmt":"2013-08-07T02:45:41","slug":"foto-odrzana-knjizevna-vecer-rijek-iz-kamena","status":"publish","type":"post","link":"https:\/\/ljportal.com\/arhiva\/foto-odrzana-knjizevna-vecer-rijek-iz-kamena\/","title":{"rendered":"FOTO: Odr\u017eana knji\u017eevna ve\u010der &#8221;Rijek iz kamena&#8221;"},"content":{"rendered":"<p style=\"text-align: justify;\">U ugodnom ambijentu restorana &#8221;Staklo&#8221; u Po\u010ditelju odr\u017eana je sino\u0107 \u010detvrta po redu pjesni\u010dka ve\u010der &#8221;Rijek iz kamena&#8221;, na kojoj je ove godine nastupilo 24 knji\u017eevnika iz Bosne i Hercegovine i Republike Hrvatske. Program je otvorila \u017eenska stola\u010dka klapa &#8221;Vido\u0161ta\u010dka kraljica&#8221;, nakon \u010dega je okupljene pozdravila voditeljica Tina Laco<\/p>\n<p>  <!--more-->  <\/p>\n<p style=\"text-align: justify;\">koja je predstavila program ve\u010deri i pjesnika.<\/p>\n<p style=\"text-align: justify;\">Okupljenima se na nazo\u010dnosti zahvalio Pero Kne\u017eevi\u0107, dopredsjedatelj Op\u0107inskog vije\u0107a \u010capljina, koji se posebno zahvalio \u010dapljinskom knji\u017eevniku Ljubi Krmeku, za\u010detniku i glavnom organizatoru ove manifestacije.<\/p>\n<p style=\"text-align: justify;\">I ove godine ve\u010der su svojom nazo\u010dno\u0161\u0107u uveli\u010dali mnogobrojni poznati knji\u017eevnici i pjesnici, pa su tako okupljeni mogli \u010duti stihove Fabijana Lovri\u0107a, Ivane Eri\u0107, Anite Martinac, Sanijele Matkovi\u0107, Stjepana \u0160e\u0161elja, Franje Vlatkovi\u0107, Mirane Rogi\u0107, Jasipa \u0160krelje, Jasenke Po\u017eega Sremac, Miljenka Stoji\u0107a, Antuna Zirduma, Jasmine Hanjali\u0107, Pere Pavlovi\u0107a, Dragana Mu\u010dibabi\u0107a, Sre\u0107ka Marijanovi\u0107a, Milice Pehar, Admirala Mahi\u0107a, Antuna Lu\u010di\u0107a, <strong>Du\u0161ana Muse<\/strong>, Joze Jaki\u0161e, Rasima Pr\u0161te, Stanka Krnji\u0107a, Marija Kne\u017eevi\u0107a, Ljube Krmeka.<\/p>\n<p style=\"text-align: justify;\">Valja istaknuti kako je me\u0111u ovim velikanima lijepe rije\u010di svoje pjesme predstavio i \u010dapljinski trojac u sastavu Ljubo Krmek, Jozo Jaki\u0161a i Du\u0161an Musa.<\/p>\n<p style=\"text-align: justify;\">Pokrovitelj manifestacije je Ured na\u010delnika op\u0107ine \u010capljina dr. Smiljana Vidi\u0107a, a jedan od medijskih pokrovitelja bio je i \u010capljinski portal.<\/p>\n<p style=\"text-align: justify;\"><img decoding=\"async\" class=\" size-full wp-image-17834\" style=\"margin-top: 6px; margin-right: 0px; margin-bottom: 6px;\" src=\"https:\/\/ljportal.com\/arhiva\/wp-content\/uploads\/2013\/08\/lh4.googleusercontent.com_-rwZKofBqeqk_UgNu0IEQMkI_AAAAAAAAgJ8_56xyLrM6mmI_IMG_010.jpg\" alt=\"dus\" width=\"525\" srcset=\"https:\/\/ljportal.com\/arhiva\/wp-content\/uploads\/2013\/08\/lh4.googleusercontent.com_-rwZKofBqeqk_UgNu0IEQMkI_AAAAAAAAgJ8_56xyLrM6mmI_IMG_010.jpg 512w, https:\/\/ljportal.com\/arhiva\/wp-content\/uploads\/2013\/08\/lh4.googleusercontent.com_-rwZKofBqeqk_UgNu0IEQMkI_AAAAAAAAgJ8_56xyLrM6mmI_IMG_010-300x200.jpg 300w\" sizes=\"(max-width: 512px) 100vw, 512px\" \/><\/p>\n<p style=\"text-align: justify;\"><img decoding=\"async\" class=\" size-full wp-image-17835\" style=\"margin-top: 6px; margin-right: 0px; margin-bottom: 6px;\" src=\"https:\/\/ljportal.com\/arhiva\/wp-content\/uploads\/2013\/08\/lh4.googleusercontent.com_-nMMgYr9LM-Q_UgNvkAGoUXI_AAAAAAAAgLc_uniztfh3M5c_IMG_08.jpg\" alt=\"rek\" width=\"525\" srcset=\"https:\/\/ljportal.com\/arhiva\/wp-content\/uploads\/2013\/08\/lh4.googleusercontent.com_-nMMgYr9LM-Q_UgNvkAGoUXI_AAAAAAAAgLc_uniztfh3M5c_IMG_08.jpg 341w, https:\/\/ljportal.com\/arhiva\/wp-content\/uploads\/2013\/08\/lh4.googleusercontent.com_-nMMgYr9LM-Q_UgNvkAGoUXI_AAAAAAAAgLc_uniztfh3M5c_IMG_08-200x300.jpg 200w\" sizes=\"(max-width: 341px) 100vw, 341px\" \/><\/p>\n<p style=\"text-align: justify;\"><img decoding=\"async\" class=\" size-full wp-image-17836\" style=\"margin-top: 6px; margin-right: 0px; margin-bottom: 6px;\" src=\"https:\/\/ljportal.com\/arhiva\/wp-content\/uploads\/2013\/08\/lh3.googleusercontent.com_-j2iRkY3egqk_UgNuyhDJ7hI_AAAAAAAAgJw_wWVJnGCvK8g_IMG_00.jpg\" alt=\"rek\" width=\"525\" srcset=\"https:\/\/ljportal.com\/arhiva\/wp-content\/uploads\/2013\/08\/lh3.googleusercontent.com_-j2iRkY3egqk_UgNuyhDJ7hI_AAAAAAAAgJw_wWVJnGCvK8g_IMG_00.jpg 512w, https:\/\/ljportal.com\/arhiva\/wp-content\/uploads\/2013\/08\/lh3.googleusercontent.com_-j2iRkY3egqk_UgNuyhDJ7hI_AAAAAAAAgJw_wWVJnGCvK8g_IMG_00-300x200.jpg 300w\" sizes=\"(max-width: 512px) 100vw, 512px\" \/><\/p>\n<p style=\"text-align: justify;\"><img decoding=\"async\" class=\" size-full wp-image-17837\" style=\"margin-top: 6px; margin-right: 0px; margin-bottom: 6px;\" src=\"https:\/\/ljportal.com\/arhiva\/wp-content\/uploads\/2013\/08\/lh4.googleusercontent.com_-GAkCSyo8qrc_UgNvEMZICeI_AAAAAAAAgKc_eIGRD9NAsHY_IMG_014.jpg\" alt=\"rek\" width=\"525\" srcset=\"https:\/\/ljportal.com\/arhiva\/wp-content\/uploads\/2013\/08\/lh4.googleusercontent.com_-GAkCSyo8qrc_UgNvEMZICeI_AAAAAAAAgKc_eIGRD9NAsHY_IMG_014.jpg 512w, https:\/\/ljportal.com\/arhiva\/wp-content\/uploads\/2013\/08\/lh4.googleusercontent.com_-GAkCSyo8qrc_UgNvEMZICeI_AAAAAAAAgKc_eIGRD9NAsHY_IMG_014-300x165.jpg 300w\" sizes=\"(max-width: 512px) 100vw, 512px\" \/><\/p>\n<p style=\"text-align: justify;\">\u00a0<\/p>\n<p style=\"text-align: right;\"><span style=\"font-size: 8pt;\"><strong>\u010cA::portal<\/strong><\/span><\/p>\n","protected":false},"excerpt":{"rendered":"<div class=\"mh-excerpt\"><p>U ugodnom ambijentu restorana &#8221;Staklo&#8221; u Po\u010ditelju odr\u017eana je sino\u0107 \u010detvrta po redu pjesni\u010dka ve\u010der &#8221;Rijek iz kamena&#8221;, na kojoj <a class=\"mh-excerpt-more\" href=\"https:\/\/ljportal.com\/arhiva\/foto-odrzana-knjizevna-vecer-rijek-iz-kamena\/\" title=\"FOTO: Odr\u017eana knji\u017eevna ve\u010der &#8221;Rijek iz kamena&#8221;\">&#8230;<\/a><\/p>\n<\/div>","protected":false},"author":1,"featured_media":17833,"comment_status":"open","ping_status":"open","sticky":false,"template":"","format":"standard","meta":{"footnotes":""},"categories":[22],"tags":[],"class_list":["post-17838","post","type-post","status-publish","format-standard","has-post-thumbnail","hentry","category-kultura-kultura"],"_links":{"self":[{"href":"https:\/\/ljportal.com\/arhiva\/wp-json\/wp\/v2\/posts\/17838","targetHints":{"allow":["GET"]}}],"collection":[{"href":"https:\/\/ljportal.com\/arhiva\/wp-json\/wp\/v2\/posts"}],"about":[{"href":"https:\/\/ljportal.com\/arhiva\/wp-json\/wp\/v2\/types\/post"}],"author":[{"embeddable":true,"href":"https:\/\/ljportal.com\/arhiva\/wp-json\/wp\/v2\/users\/1"}],"replies":[{"embeddable":true,"href":"https:\/\/ljportal.com\/arhiva\/wp-json\/wp\/v2\/comments?post=17838"}],"version-history":[{"count":0,"href":"https:\/\/ljportal.com\/arhiva\/wp-json\/wp\/v2\/posts\/17838\/revisions"}],"wp:featuredmedia":[{"embeddable":true,"href":"https:\/\/ljportal.com\/arhiva\/wp-json\/wp\/v2\/media\/17833"}],"wp:attachment":[{"href":"https:\/\/ljportal.com\/arhiva\/wp-json\/wp\/v2\/media?parent=17838"}],"wp:term":[{"taxonomy":"category","embeddable":true,"href":"https:\/\/ljportal.com\/arhiva\/wp-json\/wp\/v2\/categories?post=17838"},{"taxonomy":"post_tag","embeddable":true,"href":"https:\/\/ljportal.com\/arhiva\/wp-json\/wp\/v2\/tags?post=17838"}],"curies":[{"name":"wp","href":"https:\/\/api.w.org\/{rel}","templated":true}]}}