{"id":18208,"date":"2013-09-13T06:15:18","date_gmt":"2013-09-13T04:15:18","guid":{"rendered":"https:\/\/ljportal.com\/arhiva\/2013\/09\/13\/siledzije-pozivaju-na-mostar-summer-fest\/"},"modified":"2013-09-13T06:15:18","modified_gmt":"2013-09-13T04:15:18","slug":"siledzije-pozivaju-na-mostar-summer-fest","status":"publish","type":"post","link":"https:\/\/ljportal.com\/arhiva\/siledzije-pozivaju-na-mostar-summer-fest\/","title":{"rendered":"Siled\u017eije pozivaju na Mostar Summer Fest"},"content":{"rendered":"<p style=\"text-align: justify;\">Mostar Summer Fest zapo\u010dinje danas te \u0107e kroz dvije no\u0107i uz najve\u0107a regionalna glazbena imena postati epicentar pozitivnih vibracija grada i regije. Festival ima samo jedan cilj \u2013 kroz cjelodnevni program i odli\u010dne izvo\u0111a\u010de zape\u010datiti ljeto odli\u010dnom zabavom pod otvorenim nebom festivalske oaze na SC Kantarevac.<\/p>\n<p>  <!--more-->  <\/p>\n<p>\u00a0<\/p>\n<p>{xtypo_rounded2} 13.9.2013., petak:<\/p>\n<p>\u2022 Siled\u017eije (BiH)<br \/>\u2022 Zoster (BiH)<br \/>\u2022 Hladno pivo (HR)<\/p>\n<p>14.9.2013., subota:<\/p>\n<p>\u2022 Pe\u0161es (BiH)<br \/>\u2022 S.A.R.S. (RS)<br \/>\u2022 TBF (HR) {\/xtypo_rounded2}<\/p>\n<p>\u00a0<\/p>\n<p>Evo kako Vas Siled\u017eije pozivaju na prvi Mostar Summer Fest:<\/p>\n<p>{youtube}uEFyAi5n3Yo{\/youtube}<\/p>\n<p style=\"text-align: right;\"><span style=\"font-size: 8pt;\"><strong>LJ::portal<\/strong><\/span><\/p>\n","protected":false},"excerpt":{"rendered":"<div class=\"mh-excerpt\"><p>Mostar Summer Fest zapo\u010dinje danas te \u0107e kroz dvije no\u0107i uz najve\u0107a regionalna glazbena imena postati epicentar pozitivnih vibracija grada <a class=\"mh-excerpt-more\" href=\"https:\/\/ljportal.com\/arhiva\/siledzije-pozivaju-na-mostar-summer-fest\/\" title=\"Siled\u017eije pozivaju na Mostar Summer Fest\">&#8230;<\/a><\/p>\n<\/div>","protected":false},"author":1,"featured_media":18207,"comment_status":"open","ping_status":"open","sticky":false,"template":"","format":"standard","meta":{"footnotes":""},"categories":[22],"tags":[],"class_list":["post-18208","post","type-post","status-publish","format-standard","has-post-thumbnail","hentry","category-kultura-kultura"],"_links":{"self":[{"href":"https:\/\/ljportal.com\/arhiva\/wp-json\/wp\/v2\/posts\/18208","targetHints":{"allow":["GET"]}}],"collection":[{"href":"https:\/\/ljportal.com\/arhiva\/wp-json\/wp\/v2\/posts"}],"about":[{"href":"https:\/\/ljportal.com\/arhiva\/wp-json\/wp\/v2\/types\/post"}],"author":[{"embeddable":true,"href":"https:\/\/ljportal.com\/arhiva\/wp-json\/wp\/v2\/users\/1"}],"replies":[{"embeddable":true,"href":"https:\/\/ljportal.com\/arhiva\/wp-json\/wp\/v2\/comments?post=18208"}],"version-history":[{"count":0,"href":"https:\/\/ljportal.com\/arhiva\/wp-json\/wp\/v2\/posts\/18208\/revisions"}],"wp:featuredmedia":[{"embeddable":true,"href":"https:\/\/ljportal.com\/arhiva\/wp-json\/wp\/v2\/media\/18207"}],"wp:attachment":[{"href":"https:\/\/ljportal.com\/arhiva\/wp-json\/wp\/v2\/media?parent=18208"}],"wp:term":[{"taxonomy":"category","embeddable":true,"href":"https:\/\/ljportal.com\/arhiva\/wp-json\/wp\/v2\/categories?post=18208"},{"taxonomy":"post_tag","embeddable":true,"href":"https:\/\/ljportal.com\/arhiva\/wp-json\/wp\/v2\/tags?post=18208"}],"curies":[{"name":"wp","href":"https:\/\/api.w.org\/{rel}","templated":true}]}}