{"id":18210,"date":"2013-09-13T14:34:15","date_gmt":"2013-09-13T12:34:15","guid":{"rendered":"https:\/\/ljportal.com\/arhiva\/2013\/09\/13\/foto-zapocela-izgradnja-kanalizacijske-mreze\/"},"modified":"2013-09-13T14:34:15","modified_gmt":"2013-09-13T12:34:15","slug":"foto-zapocela-izgradnja-kanalizacijske-mreze","status":"publish","type":"post","link":"https:\/\/ljportal.com\/arhiva\/foto-zapocela-izgradnja-kanalizacijske-mreze\/","title":{"rendered":"FOTO: Zapo\u010dela izgradnja kanalizacijske mre\u017ee"},"content":{"rendered":"<p style=\"text-align: justify;\">Op\u0107ina Ljubu\u0161ki je zajedno s Agencijom za vodno podru\u010dje Jadranskog mora iz Mostara i Federalnim ministarstvom poljoprivrede, vodoprivrede i \u0161umarstva krenulo u realizaciju projekta izgradnje kanalizacijske mre\u017ee na podru\u010dju op\u0107ine Ljubu\u0161ki.<\/p>\n<p>  <!--more-->  <\/p>\n<p style=\"text-align: justify;\">Radit \u0107e se na tri lokacije, a projekt izgradnje u potpunosti financira Svjetska banka iz IPA programa 2010. u vrijednosti od 1,9 milijuna eura. \u201cOd 3,7 milijuna maraka, na kanalizacijski sustav utro\u0161it \u0107e se 3,1 milijun maraka, dok \u0107e preostali dio od oko 600 tisu\u0107a maraka biti utro\u0161en na rekonstrukciju pro\u010dista\u010da otpadnih voda na Matinjevcu te izradu projektne dokumentacije za zapadni krak prema Proboju\u201d, kazao je menad\u017eer projekta izgradnje kanalizacijske mre\u017ee u Ljubu\u0161kom Dean Ra\u0161i\u0107.<\/p>\n<p style=\"text-align: justify;\">\u00a0<\/p>\n<p style=\"text-align: justify;\"><strong>Rok 10 mjeseci<\/strong><\/p>\n<p style=\"text-align: justify;\">\u00a0<\/p>\n<p style=\"text-align: justify;\">Ra\u0161i\u0107 je nadalje dodao kako \u0107e se i s rekonstrukcijom pro\u010dista\u010da krenuti kroz koji tjedan.<br \/>\u201cPo\u010deli su radovi na prvoj od tri lokacije, i to u Ulici Leopolda Mandi\u0107a u koju ulazi i Ulica Alojzija Stepinca. Radovi \u0107e se zatim nastaviti na lokaciji Bu\u010dinska cesta zajedno sa\u00a0 sekundarnim kanalizacijskim kanalima Novog naselja te na tre\u0107oj lokaciji Me\u0111ugorska cesta\u00a0 od lokacije \u017eeljezarije Boto, cijelim Ceran\u0161kim pravcem gdje \u0107e se obuhvatiti i samo Cerno\u201d, pojasnio je Ra\u0161i\u0107.<br \/>On je nadalje istaknuo kako je rok izvo\u0111enja radova predvi\u0111en u trajanju od 10 mjeseci te se nada da \u0107e se u tom vremenski zadanom roku uspjeti i zavr\u0161iti radovi na sve tri lokacije. Na prve dvije lokacije \u0161ahte \u0107e se postavljati sredinom prometnice, dok \u0107e Me\u0111ugorskom cestom \u0161ahtovi biti postavljani uz jedan kraj prometnice. Ra\u0161i\u0107 je napomenuo kako \u0107e se maksimalno i\u0107i u prilog gra\u0111anima \u0161to se ti\u010de slobodnog kretanja prijevoznim sredstvima dok radovi budu u tijeku te kako je jako bitno da do\u0111e do zamjene starog kanalizacijskog sustava gdje je god mogu\u0107e zbog prisutnosti 90% azbesta u starim cijevima.<\/p>\n<p style=\"text-align: justify;\">\u00a0<\/p>\n<p style=\"text-align: justify;\"><strong>Azbestne cijevi<\/strong><\/p>\n<p style=\"text-align: justify;\">\u00a0<\/p>\n<p style=\"text-align: justify;\">\u201cU dosada\u0161njim radovima ura\u0111eno je oko 13 kilometara kanalizacijske mre\u017ee \u010dime su stare azbestne cijevi zamijenjene novim. Idealno bi bilo da se mo\u017ee promijeniti cijeli kanalizacijski sustav u op\u0107ini koji je u Ljubu\u0161kom izgra\u0111en jo\u0161 80-ih godina, ali to s financijske strane za sada nije ostvarivo\u201d, zaklju\u010dio je Ra\u0161i\u0107. Po\u010detku radova prethodila je i prezentacija projekta u Gradskoj vije\u0107nici u srijedu nave\u010der na kojoj su prisustvovali svi mje\u0161tani s tri lokacije izvo\u0111enja radova.<\/p>\n<p style=\"text-align: justify;\">\u00a0<\/p>\n<p style=\"text-align: justify;\">U fotogaleriji pogledajte fotografije prezentacija projekta izgradnje kanalizacijske mre\u017ee odr\u017eane u Gradskoj vije\u0107nici.<\/p>\n<p style=\"text-align: justify;\">\u00a0<\/p>\n<p style=\"text-align: justify;\">picasa_albumid=5923114328904754497<\/p>\n<p style=\"text-align: justify;\">\u00a0<\/p>\n<p style=\"text-align: right;\"><span style=\"font-size: 8pt;\"><strong>Ru\u017eica Pulji\u0107 | Dnevni list | foto: LJ::portal<\/strong><\/span><\/p>\n","protected":false},"excerpt":{"rendered":"<div class=\"mh-excerpt\"><p>Op\u0107ina Ljubu\u0161ki je zajedno s Agencijom za vodno podru\u010dje Jadranskog mora iz Mostara i Federalnim ministarstvom poljoprivrede, vodoprivrede i \u0161umarstva <a class=\"mh-excerpt-more\" href=\"https:\/\/ljportal.com\/arhiva\/foto-zapocela-izgradnja-kanalizacijske-mreze\/\" title=\"FOTO: Zapo\u010dela izgradnja kanalizacijske mre\u017ee\">&#8230;<\/a><\/p>\n<\/div>","protected":false},"author":1,"featured_media":18209,"comment_status":"open","ping_status":"open","sticky":false,"template":"","format":"standard","meta":{"footnotes":""},"categories":[19],"tags":[],"class_list":["post-18210","post","type-post","status-publish","format-standard","has-post-thumbnail","hentry","category-drustvo-drustvo"],"_links":{"self":[{"href":"https:\/\/ljportal.com\/arhiva\/wp-json\/wp\/v2\/posts\/18210","targetHints":{"allow":["GET"]}}],"collection":[{"href":"https:\/\/ljportal.com\/arhiva\/wp-json\/wp\/v2\/posts"}],"about":[{"href":"https:\/\/ljportal.com\/arhiva\/wp-json\/wp\/v2\/types\/post"}],"author":[{"embeddable":true,"href":"https:\/\/ljportal.com\/arhiva\/wp-json\/wp\/v2\/users\/1"}],"replies":[{"embeddable":true,"href":"https:\/\/ljportal.com\/arhiva\/wp-json\/wp\/v2\/comments?post=18210"}],"version-history":[{"count":0,"href":"https:\/\/ljportal.com\/arhiva\/wp-json\/wp\/v2\/posts\/18210\/revisions"}],"wp:featuredmedia":[{"embeddable":true,"href":"https:\/\/ljportal.com\/arhiva\/wp-json\/wp\/v2\/media\/18209"}],"wp:attachment":[{"href":"https:\/\/ljportal.com\/arhiva\/wp-json\/wp\/v2\/media?parent=18210"}],"wp:term":[{"taxonomy":"category","embeddable":true,"href":"https:\/\/ljportal.com\/arhiva\/wp-json\/wp\/v2\/categories?post=18210"},{"taxonomy":"post_tag","embeddable":true,"href":"https:\/\/ljportal.com\/arhiva\/wp-json\/wp\/v2\/tags?post=18210"}],"curies":[{"name":"wp","href":"https:\/\/api.w.org\/{rel}","templated":true}]}}