{"id":18214,"date":"2013-09-13T19:57:41","date_gmt":"2013-09-13T17:57:41","guid":{"rendered":"https:\/\/ljportal.com\/arhiva\/2013\/09\/13\/podrzimo-nase-zene\/"},"modified":"2013-09-13T19:57:41","modified_gmt":"2013-09-13T17:57:41","slug":"podrzimo-nase-zene","status":"publish","type":"post","link":"https:\/\/ljportal.com\/arhiva\/podrzimo-nase-zene\/","title":{"rendered":"Podr\u017eimo na\u0161e \u017eene"},"content":{"rendered":"<p style=\"text-align: justify;\"><span class=\"usercontent\">Udruga Narcis \u0160iroki Brijeg i Udruga mladih Agape Ljubu\u0161ki pozivaju sve da do\u0111u u ponedjeljak 16.09. od 08:00 do 11:00 sati ispred Op\u0107ine Ljubu\u0161ki te da kupnjom majica podr\u0161ke po cijeni od 7 KM pomognete u osiguravanju osnovnih paketa pomo\u0107i za \u017eene oboljele od karcinoma dojke. <\/span><\/p>\n<p>  <!--more-->  <\/p>\n<p style=\"text-align: justify;\"><span class=\"usercontent\">Isti taj dan vr\u0161it \u0107e se registracija svih onih koji \u017eele 05.10.2013. prisustvovati \u201e\u0160ETNJI ZA ZDRAVLJE\u201c u Sarajevu koja okuplja sve \u017eene u BIH oboljele od karcinoma dojke, kao i one koje im tom zajedni\u010dkom \u0161etnjom \u017eele pru\u017eiti potporu i odati priznanje za njihovu bolest. <\/span><\/p>\n<p style=\"text-align: justify;\">\u00a0<\/p>\n<p style=\"text-align: justify;\"><span class=\"usercontent\">Ne okre\u0107ite glavu, nego do\u0111ite ispred Op\u0107ine na \u0161tandove udruge &#8220;Narcis&#8221; u ponedjeljak od 08:00 do 11:00. Ova bolest se ne doga\u0111a nekome daleko i negdje daleko, nego je na\u017ealost svakodnevna u na\u0161oj stvarnosti. Poka\u017eimo im da nisu same! &#8211; poru\u010duju iz Udruge mladih Agape.<\/span><\/p>\n<p style=\"text-align: justify;\"><span class=\"usercontent\"><img decoding=\"async\" style=\"margin-top: 6px; margin-right: 0px; margin-bottom: 6px;\" src=\"https:\/\/fbcdn-sphotos-a-a.akamaihd.net\/hphotos-ak-ash3\/1174825_230611027088380_854412501_n.jpg\" alt=\"agape\" width=\"525\" \/><\/span><\/p>\n<p style=\"text-align: right;\"><span style=\"font-size: 8pt;\"><strong><span class=\"usercontent\">LJ::portal<\/span><\/strong><\/span><\/p>\n","protected":false},"excerpt":{"rendered":"<div class=\"mh-excerpt\"><p>Udruga Narcis \u0160iroki Brijeg i Udruga mladih Agape Ljubu\u0161ki pozivaju sve da do\u0111u u ponedjeljak 16.09. od 08:00 do 11:00 <a class=\"mh-excerpt-more\" href=\"https:\/\/ljportal.com\/arhiva\/podrzimo-nase-zene\/\" title=\"Podr\u017eimo na\u0161e \u017eene\">&#8230;<\/a><\/p>\n<\/div>","protected":false},"author":1,"featured_media":18213,"comment_status":"open","ping_status":"open","sticky":false,"template":"","format":"standard","meta":{"footnotes":""},"categories":[19],"tags":[],"class_list":["post-18214","post","type-post","status-publish","format-standard","has-post-thumbnail","hentry","category-drustvo-drustvo"],"_links":{"self":[{"href":"https:\/\/ljportal.com\/arhiva\/wp-json\/wp\/v2\/posts\/18214","targetHints":{"allow":["GET"]}}],"collection":[{"href":"https:\/\/ljportal.com\/arhiva\/wp-json\/wp\/v2\/posts"}],"about":[{"href":"https:\/\/ljportal.com\/arhiva\/wp-json\/wp\/v2\/types\/post"}],"author":[{"embeddable":true,"href":"https:\/\/ljportal.com\/arhiva\/wp-json\/wp\/v2\/users\/1"}],"replies":[{"embeddable":true,"href":"https:\/\/ljportal.com\/arhiva\/wp-json\/wp\/v2\/comments?post=18214"}],"version-history":[{"count":0,"href":"https:\/\/ljportal.com\/arhiva\/wp-json\/wp\/v2\/posts\/18214\/revisions"}],"wp:featuredmedia":[{"embeddable":true,"href":"https:\/\/ljportal.com\/arhiva\/wp-json\/wp\/v2\/media\/18213"}],"wp:attachment":[{"href":"https:\/\/ljportal.com\/arhiva\/wp-json\/wp\/v2\/media?parent=18214"}],"wp:term":[{"taxonomy":"category","embeddable":true,"href":"https:\/\/ljportal.com\/arhiva\/wp-json\/wp\/v2\/categories?post=18214"},{"taxonomy":"post_tag","embeddable":true,"href":"https:\/\/ljportal.com\/arhiva\/wp-json\/wp\/v2\/tags?post=18214"}],"curies":[{"name":"wp","href":"https:\/\/api.w.org\/{rel}","templated":true}]}}