{"id":18222,"date":"2013-09-14T09:04:44","date_gmt":"2013-09-14T07:04:44","guid":{"rendered":"https:\/\/ljportal.com\/arhiva\/2013\/09\/14\/foto-osnovnoskolci-u-posjeti-medunarodnoj-zracnoj-luci-mostar\/"},"modified":"2013-09-14T09:04:44","modified_gmt":"2013-09-14T07:04:44","slug":"foto-osnovnoskolci-u-posjeti-medunarodnoj-zracnoj-luci-mostar","status":"publish","type":"post","link":"https:\/\/ljportal.com\/arhiva\/foto-osnovnoskolci-u-posjeti-medunarodnoj-zracnoj-luci-mostar\/","title":{"rendered":"FOTO: Osnovno\u0161kolci u posjeti Me\u0111unarodnoj zra\u010dnoj luci Mostar"},"content":{"rendered":"<p style=\"text-align: justify;\">U\u010denici i u\u010diteljice osnovne \u0161kole iz Ljubu\u0161kog ju\u010der su u sklopu edukativne nastave na terenu posjetili Zra\u010dnu luku Mostar. U\u010denici ni\u017eih razreda imali su priliku da se upoznaju sa grani\u010dnom kontrolom i pregledom putnika na Me\u0111unarodnoj zra\u010dnoj luci Mostar, kao i da dobiju vi\u0161e informacija koji se ti\u010du zra\u010dnog prometa.<\/p>\n<p>  <!--more-->  <\/p>\n<p style=\"text-align: justify;\">Kako je to danas izgledalo u mostarskoj zra\u010dnoj luci u tijeku posjete osnovno\u0161kolaca iz Ljubu\u0161kog mo\u017eete pogledati na na\u0161im fotografijama.<\/p>\n<p style=\"text-align: justify;\"><img decoding=\"async\" class=\" size-full wp-image-18218\" style=\"margin-top: 6px; margin-right: 0px; margin-bottom: 6px;\" src=\"https:\/\/ljportal.com\/arhiva\/wp-content\/uploads\/2013\/09\/hercegovina.info_img_repository_2013_09_web_image_ljubuski-osnovnoskolci-u-posjeti-medjunarodnoj-zracnoj-luci-mostar__2ff.jpg\" alt=\"luka\" width=\"525\" srcset=\"https:\/\/ljportal.com\/arhiva\/wp-content\/uploads\/2013\/09\/hercegovina.info_img_repository_2013_09_web_image_ljubuski-osnovnoskolci-u-posjeti-medjunarodnoj-zracnoj-luci-mostar__2ff.jpg 640w, https:\/\/ljportal.com\/arhiva\/wp-content\/uploads\/2013\/09\/hercegovina.info_img_repository_2013_09_web_image_ljubuski-osnovnoskolci-u-posjeti-medjunarodnoj-zracnoj-luci-mostar__2ff-300x225.jpg 300w, https:\/\/ljportal.com\/arhiva\/wp-content\/uploads\/2013\/09\/hercegovina.info_img_repository_2013_09_web_image_ljubuski-osnovnoskolci-u-posjeti-medjunarodnoj-zracnoj-luci-mostar__2ff-326x245.jpg 326w, https:\/\/ljportal.com\/arhiva\/wp-content\/uploads\/2013\/09\/hercegovina.info_img_repository_2013_09_web_image_ljubuski-osnovnoskolci-u-posjeti-medjunarodnoj-zracnoj-luci-mostar__2ff-80x60.jpg 80w\" sizes=\"(max-width: 640px) 100vw, 640px\" \/><\/p>\n<p style=\"text-align: justify;\"><img decoding=\"async\" class=\" size-full wp-image-18219\" style=\"margin-top: 6px; margin-right: 0px; margin-bottom: 6px;\" src=\"https:\/\/ljportal.com\/arhiva\/wp-content\/uploads\/2013\/09\/hercegovina.info_img_repository_2013_09_web_image_ljubuski-osnovnoskolci-u-posjeti-medjunarodnoj-zracnoj-luci-mostar.jpg\" alt=\"luka\" width=\"525\" srcset=\"https:\/\/ljportal.com\/arhiva\/wp-content\/uploads\/2013\/09\/hercegovina.info_img_repository_2013_09_web_image_ljubuski-osnovnoskolci-u-posjeti-medjunarodnoj-zracnoj-luci-mostar.jpg 640w, https:\/\/ljportal.com\/arhiva\/wp-content\/uploads\/2013\/09\/hercegovina.info_img_repository_2013_09_web_image_ljubuski-osnovnoskolci-u-posjeti-medjunarodnoj-zracnoj-luci-mostar-300x225.jpg 300w, https:\/\/ljportal.com\/arhiva\/wp-content\/uploads\/2013\/09\/hercegovina.info_img_repository_2013_09_web_image_ljubuski-osnovnoskolci-u-posjeti-medjunarodnoj-zracnoj-luci-mostar-326x245.jpg 326w, https:\/\/ljportal.com\/arhiva\/wp-content\/uploads\/2013\/09\/hercegovina.info_img_repository_2013_09_web_image_ljubuski-osnovnoskolci-u-posjeti-medjunarodnoj-zracnoj-luci-mostar-80x60.jpg 80w\" sizes=\"(max-width: 640px) 100vw, 640px\" \/><\/p>\n<p style=\"text-align: justify;\"><img decoding=\"async\" class=\" size-full wp-image-18220\" style=\"margin-top: 6px; margin-right: 0px; margin-bottom: 6px;\" src=\"https:\/\/ljportal.com\/arhiva\/wp-content\/uploads\/2013\/09\/hercegovina.info_img_repository_2013_09_web_image_ljubuski-osnovnoskolci-u-posjeti-medjunarodnoj-zracnoj-luci-mostar__bdf.jpg\" alt=\"luka\" width=\"525\" srcset=\"https:\/\/ljportal.com\/arhiva\/wp-content\/uploads\/2013\/09\/hercegovina.info_img_repository_2013_09_web_image_ljubuski-osnovnoskolci-u-posjeti-medjunarodnoj-zracnoj-luci-mostar__bdf.jpg 640w, https:\/\/ljportal.com\/arhiva\/wp-content\/uploads\/2013\/09\/hercegovina.info_img_repository_2013_09_web_image_ljubuski-osnovnoskolci-u-posjeti-medjunarodnoj-zracnoj-luci-mostar__bdf-300x225.jpg 300w, https:\/\/ljportal.com\/arhiva\/wp-content\/uploads\/2013\/09\/hercegovina.info_img_repository_2013_09_web_image_ljubuski-osnovnoskolci-u-posjeti-medjunarodnoj-zracnoj-luci-mostar__bdf-326x245.jpg 326w, https:\/\/ljportal.com\/arhiva\/wp-content\/uploads\/2013\/09\/hercegovina.info_img_repository_2013_09_web_image_ljubuski-osnovnoskolci-u-posjeti-medjunarodnoj-zracnoj-luci-mostar__bdf-80x60.jpg 80w\" sizes=\"(max-width: 640px) 100vw, 640px\" \/><\/p>\n<p style=\"text-align: justify;\"><img decoding=\"async\" class=\" size-full wp-image-18221\" style=\"margin-top: 6px; margin-right: 0px; margin-bottom: 6px;\" src=\"https:\/\/ljportal.com\/arhiva\/wp-content\/uploads\/2013\/09\/hercegovina.info_img_repository_2013_09_web_image_ljubuski-osnovnoskolci-u-posjeti-medjunarodnoj-zracnoj-luci-mostar__164.jpg\" alt=\"luka\" width=\"525\" srcset=\"https:\/\/ljportal.com\/arhiva\/wp-content\/uploads\/2013\/09\/hercegovina.info_img_repository_2013_09_web_image_ljubuski-osnovnoskolci-u-posjeti-medjunarodnoj-zracnoj-luci-mostar__164.jpg 640w, https:\/\/ljportal.com\/arhiva\/wp-content\/uploads\/2013\/09\/hercegovina.info_img_repository_2013_09_web_image_ljubuski-osnovnoskolci-u-posjeti-medjunarodnoj-zracnoj-luci-mostar__164-300x225.jpg 300w, https:\/\/ljportal.com\/arhiva\/wp-content\/uploads\/2013\/09\/hercegovina.info_img_repository_2013_09_web_image_ljubuski-osnovnoskolci-u-posjeti-medjunarodnoj-zracnoj-luci-mostar__164-326x245.jpg 326w, https:\/\/ljportal.com\/arhiva\/wp-content\/uploads\/2013\/09\/hercegovina.info_img_repository_2013_09_web_image_ljubuski-osnovnoskolci-u-posjeti-medjunarodnoj-zracnoj-luci-mostar__164-80x60.jpg 80w\" sizes=\"(max-width: 640px) 100vw, 640px\" \/><\/p>\n<p style=\"text-align: right;\"><span style=\"font-size: 8pt;\"><strong>Hercegovina.info<\/strong><\/span><\/p>\n","protected":false},"excerpt":{"rendered":"<div class=\"mh-excerpt\"><p>U\u010denici i u\u010diteljice osnovne \u0161kole iz Ljubu\u0161kog ju\u010der su u sklopu edukativne nastave na terenu posjetili Zra\u010dnu luku Mostar. U\u010denici <a class=\"mh-excerpt-more\" href=\"https:\/\/ljportal.com\/arhiva\/foto-osnovnoskolci-u-posjeti-medunarodnoj-zracnoj-luci-mostar\/\" title=\"FOTO: Osnovno\u0161kolci u posjeti Me\u0111unarodnoj zra\u010dnoj luci Mostar\">&#8230;<\/a><\/p>\n<\/div>","protected":false},"author":1,"featured_media":18217,"comment_status":"open","ping_status":"open","sticky":false,"template":"","format":"standard","meta":{"footnotes":""},"categories":[19],"tags":[],"class_list":["post-18222","post","type-post","status-publish","format-standard","has-post-thumbnail","hentry","category-drustvo-drustvo"],"_links":{"self":[{"href":"https:\/\/ljportal.com\/arhiva\/wp-json\/wp\/v2\/posts\/18222","targetHints":{"allow":["GET"]}}],"collection":[{"href":"https:\/\/ljportal.com\/arhiva\/wp-json\/wp\/v2\/posts"}],"about":[{"href":"https:\/\/ljportal.com\/arhiva\/wp-json\/wp\/v2\/types\/post"}],"author":[{"embeddable":true,"href":"https:\/\/ljportal.com\/arhiva\/wp-json\/wp\/v2\/users\/1"}],"replies":[{"embeddable":true,"href":"https:\/\/ljportal.com\/arhiva\/wp-json\/wp\/v2\/comments?post=18222"}],"version-history":[{"count":0,"href":"https:\/\/ljportal.com\/arhiva\/wp-json\/wp\/v2\/posts\/18222\/revisions"}],"wp:featuredmedia":[{"embeddable":true,"href":"https:\/\/ljportal.com\/arhiva\/wp-json\/wp\/v2\/media\/18217"}],"wp:attachment":[{"href":"https:\/\/ljportal.com\/arhiva\/wp-json\/wp\/v2\/media?parent=18222"}],"wp:term":[{"taxonomy":"category","embeddable":true,"href":"https:\/\/ljportal.com\/arhiva\/wp-json\/wp\/v2\/categories?post=18222"},{"taxonomy":"post_tag","embeddable":true,"href":"https:\/\/ljportal.com\/arhiva\/wp-json\/wp\/v2\/tags?post=18222"}],"curies":[{"name":"wp","href":"https:\/\/api.w.org\/{rel}","templated":true}]}}