{"id":20455,"date":"2014-02-21T08:33:37","date_gmt":"2014-02-21T07:33:37","guid":{"rendered":"https:\/\/ljportal.com\/arhiva\/?p=20455"},"modified":"2022-03-19T08:34:50","modified_gmt":"2022-03-19T07:34:50","slug":"odrzan-sastanak-mz-radisica-i-nezadovoljnih-mjestana-humovace","status":"publish","type":"post","link":"https:\/\/ljportal.com\/arhiva\/odrzan-sastanak-mz-radisica-i-nezadovoljnih-mjestana-humovace\/","title":{"rendered":"Odr\u017ean sastanak MZ Radi\u0161i\u0107a i nezadovoljnih mje\u0161tana Humova\u010de"},"content":{"rendered":"<div class=\"itemImageBlock\"><span class=\"itemImageCaption\">radisici.ba<\/span><\/p>\n<div class=\"clr\"><\/div>\n<\/div>\n<div class=\"itemIntroText\">\n<p>U petak ve\u010der u prostorijama O\u0160 Marka Maruli\u0107a u Gornjim Radi\u0161i\u0107ima odr\u017ean je sastanak MZ Radi\u0161i\u0107a i mje\u0161tana zaseoka Humova\u010de. Tema sastanka je bila katastrofalno stanje u Radi\u0161i\u0107ima te prethodni doga\u0111aji vezani za ovaj dio sela.<\/p>\n<\/div>\n<div class=\"itemFullText\">\n<p>Predsjednik mjesne zajednice gospodin Milenko Dropulji\u0107 pozdravio je okupljene i prenio rije\u010di na\u010delnika gospodina Nevenka Barbari\u0107a: \u201eOvaj dio puta bio je svakako u planu za asfaltiranje nakon 15.3. o. g. te dajem svoje obe\u0107anje da \u0107e se to stvarno i odraditi\u201c. Gospodin Dropulji\u0107 u razgovoru sa na\u010delnikom dotakao se mnoge problematike sela te tako obznanio i skora\u0161nju rekonstrukciju vodovoda u Radi\u0161i\u0107ima.<\/p>\n<p>Mje\u0161tani Humova\u010de primili su na znanje na\u010delnikove rije\u010di te najavili mirni prosvjed za nedjelju u trajanju od 2 sata sa po\u010detkom u 13:00h, pritom rekav\u0161i da nakon nedjelje ne\u0107e vi\u0161e prosvjedovati ako se ova dionica asfaltira do 15. travnja o. g.<\/p>\n<p>Mje\u0161tani su jo\u0161 jednom naglasili da ovaj prosvjed nama nikakve veze sa politikom, nego \u010dista ogor\u010denost na katastrofalan put u zaseoku.<\/p>\n<\/div>\n","protected":false},"excerpt":{"rendered":"<div class=\"mh-excerpt\"><p>radisici.ba U petak ve\u010der u prostorijama O\u0160 Marka Maruli\u0107a u Gornjim Radi\u0161i\u0107ima odr\u017ean je sastanak MZ Radi\u0161i\u0107a i mje\u0161tana zaseoka <a class=\"mh-excerpt-more\" href=\"https:\/\/ljportal.com\/arhiva\/odrzan-sastanak-mz-radisica-i-nezadovoljnih-mjestana-humovace\/\" title=\"Odr\u017ean sastanak MZ Radi\u0161i\u0107a i nezadovoljnih mje\u0161tana Humova\u010de\">&#8230;<\/a><\/p>\n<\/div>","protected":false},"author":1,"featured_media":20456,"comment_status":"closed","ping_status":"open","sticky":false,"template":"","format":"standard","meta":{"footnotes":""},"categories":[19],"tags":[],"class_list":["post-20455","post","type-post","status-publish","format-standard","has-post-thumbnail","hentry","category-drustvo-drustvo"],"_links":{"self":[{"href":"https:\/\/ljportal.com\/arhiva\/wp-json\/wp\/v2\/posts\/20455","targetHints":{"allow":["GET"]}}],"collection":[{"href":"https:\/\/ljportal.com\/arhiva\/wp-json\/wp\/v2\/posts"}],"about":[{"href":"https:\/\/ljportal.com\/arhiva\/wp-json\/wp\/v2\/types\/post"}],"author":[{"embeddable":true,"href":"https:\/\/ljportal.com\/arhiva\/wp-json\/wp\/v2\/users\/1"}],"replies":[{"embeddable":true,"href":"https:\/\/ljportal.com\/arhiva\/wp-json\/wp\/v2\/comments?post=20455"}],"version-history":[{"count":1,"href":"https:\/\/ljportal.com\/arhiva\/wp-json\/wp\/v2\/posts\/20455\/revisions"}],"predecessor-version":[{"id":20457,"href":"https:\/\/ljportal.com\/arhiva\/wp-json\/wp\/v2\/posts\/20455\/revisions\/20457"}],"wp:featuredmedia":[{"embeddable":true,"href":"https:\/\/ljportal.com\/arhiva\/wp-json\/wp\/v2\/media\/20456"}],"wp:attachment":[{"href":"https:\/\/ljportal.com\/arhiva\/wp-json\/wp\/v2\/media?parent=20455"}],"wp:term":[{"taxonomy":"category","embeddable":true,"href":"https:\/\/ljportal.com\/arhiva\/wp-json\/wp\/v2\/categories?post=20455"},{"taxonomy":"post_tag","embeddable":true,"href":"https:\/\/ljportal.com\/arhiva\/wp-json\/wp\/v2\/tags?post=20455"}],"curies":[{"name":"wp","href":"https:\/\/api.w.org\/{rel}","templated":true}]}}