{"id":4343,"date":"2010-03-09T09:49:42","date_gmt":"2010-03-09T08:49:42","guid":{"rendered":"https:\/\/ljportal.com\/arhiva\/2010\/03\/09\/odrano-natjecanje-iz-njemakog-jezika-za-uenike-srednjih-kola-zh\/"},"modified":"2010-03-09T09:49:42","modified_gmt":"2010-03-09T08:49:42","slug":"odrano-natjecanje-iz-njemakog-jezika-za-uenike-srednjih-kola-zh","status":"publish","type":"post","link":"https:\/\/ljportal.com\/arhiva\/odrano-natjecanje-iz-njemakog-jezika-za-uenike-srednjih-kola-zh\/","title":{"rendered":"Odr\u017eano natjecanje iz njema\u010dkog jezika za u\u010denike srednjih \u0161kola \u017dZH"},"content":{"rendered":"<div style=\"text-align: justify;\" \/><img loading=\"lazy\" decoding=\"async\" class=\" alignleft size-full wp-image-4342\" style=\"margin-right: 6px; float: left;\" alt=\"njemackunatjecanje\" src=\"https:\/\/ljportal.com\/arhiva\/wp-content\/uploads\/2010\/03\/novo_prosinac_njemackunatjecanje.gif\" width=\"150\" height=\"113\" srcset=\"https:\/\/ljportal.com\/arhiva\/wp-content\/uploads\/2010\/03\/novo_prosinac_njemackunatjecanje.gif 150w, https:\/\/ljportal.com\/arhiva\/wp-content\/uploads\/2010\/03\/novo_prosinac_njemackunatjecanje-80x60.gif 80w\" sizes=\"auto, (max-width: 150px) 100vw, 150px\" \/>Odr\u017eano je natjecanje iz njema\u010dkog jezika za u\u010denike srednjih \u0161kola \u017dZH. Natjecanje je provedeno na tri razine, a obuhva\u0107alo je C1, B2, A2. Za razinu C1 prijavilo se \u010detiri u\u010denika, za razinu B2 &#8211; 10, te za A2-10. Ispitna povjerenstva su sa\u010dinjavali profesori njema\u010dkog jezika iz \u0160irokog Brijega, Posu\u0161ja i Ljubu\u0161kog.\u00a0 Profesor<strong> Damir Dra\u0161ki\u0107<\/strong> je bio u ulozi organizatora i koordinatora, te pripremao ispitne materijale.    <\/div>\n<p> <\/p>\n<div>\n<div style=\"text-align: justify;\">Nakon provedenih testova koji su obuhva\u0107ali kompetencije razumijevanja slu\u0161anja, razumijevanja \u010ditanja i usmenog dijela postignuti su sljede\u0107i rezultati:<\/div>\n<p> <\/p>\n<div style=\"text-align: justify;\"><strong>C1<\/strong><br \/>1. <strong>Milan Tolo <\/strong>\u2013 Gimnazija Posu\u0161je<\/div>\n<p> 2.<strong> Marija Grube\u0161i\u0107 <\/strong>\u2013 Gimnazija \u0160iroki Brijeg i <strong>Mate Nenadi\u0107<\/strong> \u2013 Gimnazija Posu\u0161je <\/p>\n<div style=\"text-align: justify;\">3. <strong>Andrijana \u0106ori\u0107 <\/strong>\u2013 Gimnazija \u0160iroki Brijeg<\/div>\n<p><strong>B2<\/strong><br \/>1. <strong>Kre\u0161imir Dedi\u0107<\/strong> \u2013 SS\u0160 Ljubu\u0161ki<br \/>2. <strong>Arijana Ratki\u0107<\/strong> \u2013 Gimnazija \u0160iroki Brijeg i <strong>Kristina Juri\u0161i\u0107<\/strong> \u2013 Gimnazija Posu\u0161je<br \/>3. <strong>Antonia Pehar<\/strong> i <strong>Ru\u017eica Ere\u0161<\/strong> \u2013\u00a0 Gimnazija Ljubu\u0161ki<\/p>\n<p><strong>A2<\/strong><br \/>1. <strong>Marina Musa<\/strong> \u2013 Gimnazija \u0160iroki Brijeg<br \/>2.<strong> An\u0111ela Lon\u010dar <\/strong>\u2013 Gimnazija Posu\u0161je<br \/>3. <strong>Katarina \u0106ori\u0107<\/strong> \u2013 Gimnazija \u0160iroki Brijeg i <strong>Branka Zadro<\/strong> \u2013 Gimnazija Ljubu\u0161ki<\/p>\n<p>Pobjednici sa ovoga natjecanja idu na dr\u017eavno u Sarajevo.<\/div>\n<p> <\/p>\n<div style=\"text-align: right;\"><span style=\"font-size: 8pt;\"><strong>minpro-zzh.gov.ba<\/strong><\/span><\/div>\n","protected":false},"excerpt":{"rendered":"<div class=\"mh-excerpt\"><div style=\"text-align: justify;\" \/><img loading=\"lazy\" decoding=\"async\" class=\" alignleft size-full wp-image-4342\" style=\"margin-right: 6px; float: left;\" alt=\"njemackunatjecanje\" src=\"https:\/\/ljportal.com\/arhiva\/wp-content\/uploads\/2010\/03\/novo_prosinac_njemackunatjecanje.gif\" width=\"150\" height=\"113\" srcset=\"https:\/\/ljportal.com\/arhiva\/wp-content\/uploads\/2010\/03\/novo_prosinac_njemackunatjecanje.gif 150w, https:\/\/ljportal.com\/arhiva\/wp-content\/uploads\/2010\/03\/novo_prosinac_njemackunatjecanje-80x60.gif 80w\" sizes=\"auto, (max-width: 150px) 100vw, 150px\" \/>Odr\u017eano je natjecanje iz njema\u010dkog jezika za u\u010denike srednjih \u0161kola \u017dZH. Natjecanje je provedeno na tri razine, a obuhva\u0107alo je C1, B2, A2. Za razinu C1 prijavilo se \u010detiri u\u010denika, za razinu B2 &#8211; 10, te za A2-10. Ispitna povjerenstva su sa\u010dinjavali profesori njema\u010dkog jezika iz \u0160irokog Brijega, Posu\u0161ja i Ljubu\u0161kog.\u00a0 Profesor<strong> Damir Dra\u0161ki\u0107<\/strong> je bio u ulozi organizatora i koordinatora, te pripremao ispitne materijale.  <\/p>\n<\/div>","protected":false},"author":1,"featured_media":4342,"comment_status":"open","ping_status":"open","sticky":false,"template":"","format":"standard","meta":{"footnotes":""},"categories":[19],"tags":[],"class_list":["post-4343","post","type-post","status-publish","format-standard","has-post-thumbnail","hentry","category-drustvo-drustvo"],"_links":{"self":[{"href":"https:\/\/ljportal.com\/arhiva\/wp-json\/wp\/v2\/posts\/4343","targetHints":{"allow":["GET"]}}],"collection":[{"href":"https:\/\/ljportal.com\/arhiva\/wp-json\/wp\/v2\/posts"}],"about":[{"href":"https:\/\/ljportal.com\/arhiva\/wp-json\/wp\/v2\/types\/post"}],"author":[{"embeddable":true,"href":"https:\/\/ljportal.com\/arhiva\/wp-json\/wp\/v2\/users\/1"}],"replies":[{"embeddable":true,"href":"https:\/\/ljportal.com\/arhiva\/wp-json\/wp\/v2\/comments?post=4343"}],"version-history":[{"count":0,"href":"https:\/\/ljportal.com\/arhiva\/wp-json\/wp\/v2\/posts\/4343\/revisions"}],"wp:featuredmedia":[{"embeddable":true,"href":"https:\/\/ljportal.com\/arhiva\/wp-json\/wp\/v2\/media\/4342"}],"wp:attachment":[{"href":"https:\/\/ljportal.com\/arhiva\/wp-json\/wp\/v2\/media?parent=4343"}],"wp:term":[{"taxonomy":"category","embeddable":true,"href":"https:\/\/ljportal.com\/arhiva\/wp-json\/wp\/v2\/categories?post=4343"},{"taxonomy":"post_tag","embeddable":true,"href":"https:\/\/ljportal.com\/arhiva\/wp-json\/wp\/v2\/tags?post=4343"}],"curies":[{"name":"wp","href":"https:\/\/api.w.org\/{rel}","templated":true}]}}