{"id":7079,"date":"2010-10-04T11:04:13","date_gmt":"2010-10-04T09:04:13","guid":{"rendered":"https:\/\/ljportal.com\/arhiva\/2010\/10\/04\/u-galerije-ponovno-vraam-enski-akt\/"},"modified":"2010-10-04T11:04:13","modified_gmt":"2010-10-04T09:04:13","slug":"u-galerije-ponovno-vraam-enski-akt","status":"publish","type":"post","link":"https:\/\/ljportal.com\/arhiva\/u-galerije-ponovno-vraam-enski-akt\/","title":{"rendered":"&#8216;U galerije ponovno vra\u0107am \u017eenski akt&#8217;"},"content":{"rendered":"<div style=\"text-align: justify;\" \/><img loading=\"lazy\" decoding=\"async\" class=\" alignleft size-full wp-image-7078\" style=\"margin-top: 3px; margin-right: 6px; float: left;\" alt=\"skoko\" src=\"https:\/\/ljportal.com\/arhiva\/wp-content\/uploads\/2010\/10\/novo_jesen_skoko.gif\" width=\"150\" height=\"113\" srcset=\"https:\/\/ljportal.com\/arhiva\/wp-content\/uploads\/2010\/10\/novo_jesen_skoko.gif 150w, https:\/\/ljportal.com\/arhiva\/wp-content\/uploads\/2010\/10\/novo_jesen_skoko-80x60.gif 80w\" sizes=\"auto, (max-width: 150px) 100vw, 150px\" \/>Nakon \u0161to je postavljena u listopadu pro\u0161le godine u Mostaru, u Galeriji kraljice Katarine Kosa\u010da, izlo\u017eba skulptura akademskog kipara Stjepana Skoke, rodom iz Graba kod Ljubu\u0161kog i redovitog profesora na Akademiji likovnih umjetnosti \u0160iroki Brijeg, sutra \u0107e biti postavljena i u galeriji Collegium artisticum u Sarajevu.    Iako su iza njega brojne kolektivne i samostalne izlo\u017ebe, Skoko se izlo\u017ebom 50-ak skulptura \u017eenskog akta po prvi put samostalnom izlo\u017ebom predstavlja sarajevskoj publici. Za vrijeme na\u0161eg razgovora postav radova je bio u tijeku, a Skoko ka\u017ee da je iznimno zadovoljan kako njegova djela funkcioniraju u prostoru Collegium artisticuma. Ostaje mu jo\u0161 za vidjeti na koji \u0107e na\u010din publika reagirati na njegove skulpture. Izlo\u017eba \u0107e sve\u010dano biti otvorena sutra (utorak, 5. listopada) u 19 sati, gdje \u0107e je publika mo\u0107i pogledati do 22. listopada. Tema \u017eenskog akta danas je rijetka, a Skoko je ponovno vra\u0107a u muzeje, galerije, pred publiku. Njegov \u017eenski akt je postavljen na pla\u017eu \u2013 izlo\u017eba je posve\u0107ena \u017eeni. Temu \u017eenskog akta je, ka\u017ee nam, po\u010deo raditi tek posljednjih par godina i svakako \u0107e nastaviti i u budu\u0107nosti. Njegove izlo\u017ebe u Mostaru i Sarajevu \u017eenskog akta tek su polazne to\u010dke, jer \u0107e ovo biti me\u0111unarodni projekt, obja\u0161njava Skoko \u2013 nakon BiH izlo\u017eba bi trebala biti postavljena i u inozemstvu. No, prije Mostara bila je jo\u0161 jedna polazna to\u010dka \u2013 iz ateljea je Skoko iznio skulpture na obalu Neretve u Dretelju, gdje ih je Stojan Lasi\u0107 Stole fotografirao za katalog, a onda su svoj put nastavile za Mostar i Sarajevo, odakle bi trebale putovati i za Dubrovnik, a zatim dalje..<\/p>\n<p><strong>\u017dena mu\u0161karcu<\/strong><\/p>\n<p>Kada je izlo\u017eba \u201cStvaranje svijeta\u201d sa 70 skulptura \u017eenskog akta bila postavljena u Mostaru, likovni kriti\u010dar Ivan Vukoja kazao je kako se Skoko ne bavi konkretnom osobom \u017eenskog spola, nego onim po \u010demu je \u017eena mu\u0161karcu \u017eena.<br \/>\u201cOvim skulpturama Skoko \u017eeni ne pristupa kao \u010dovjek, nego kao mu\u0161karac. On je u potrazi za putenim, \u010dulnim do\u017eivljajem \u017eenskog tijela oslobo\u0111enog svakog oblika osobnosti, zato svoje skulpture reducira samo na ona bitna i karakteristi\u010dna \u017eenska obilje\u017eja u kojima je najvi\u0161a koncentracija \u017eenske tjelesne esencije\u201d, kazao je Vukoja na otvorenju izlo\u017ebe u Mostaru u listopadu pro\u0161le godine. U Sarajevu je pri\u010da potpuno druk\u010dija.<br \/>\u201cOvdje je prostor ogroman i zanimljivo je kako \u0107e to funkcionirati i djelovati. Uspio sam to rije\u0161iti da dobije smisao. U Mostaru je izlo\u017eba imala neki klasi\u010dni dojam, a ovdje funkcionira u skladu s dana\u0161njim tokovima\u201d, ka\u017ee nam Skoko u pauzi postavljanja radova u Collegium artisticumu.<br \/>Ove skulpture \u017eenskog akta su bile dosta dugo u ateljeu, ka\u017ee Skoko slikovito \u2013 na &#8216;poro\u0111ajnim mukama&#8217;. On se vratio u mladost \u2013 odlu\u010dio je po\u010deti od ne\u010dega, ali raditi potpuno druk\u010dije.<br \/>\u201cPo\u010deo sam s nekim eksperimentalnim materijalima, da vidim \u0161to i kako, odlazio sam vani vidjeti i neke druge materijale, skupljao sam iskustva po galerijama u inozemstvu itd.\u201d, rekao je. Tra\u017eio je materijal koji mo\u017ee prona\u0107i bilo gdje \u2013 da mo\u017ee postojati i raditi kao kipar, a da ne bude vezan za atelje. Tra\u017eio je materijal koji mu je bio u blizini, i prona\u0161ao odba\u010deni papir \u2013 kutije, novine, papirni materijali&#8230;<\/p>\n<p><strong>Kipar kreativac<br \/><\/strong><br \/>Va\u017eno je, ka\u017ee Skoko, u svakom trenutku biti kipar kreativac.<br \/>\u201cPo\u010deo sam sa \u017eenskim aktom, \u0161to mi je bila najinspirativnija to\u010dka polazi\u0161ta. Ta se tema po\u010dela nametati sama od sebe. U to vrijeme sam pro\u010ditao i jedan \u010dlanak u Hrvatskoj, koji me zaintrigirao, a pisalo je kako je \u017eenski akt izguran iz muzejskih i galerijskih prostora, kako su ga kustosi izbacili u posljednjih 20 godina. To mi je tako\u0111er dalo snage i bio dodatni motiv da ostanem pri toj temi\u201d, ka\u017ee Skoko. \u017denski akt je odba\u010den i Skoki je bilo va\u017eno ponovno ga vratiti u galerijski prostor gdje \u0107e ga posjetitelji ponovno vidjeti. Mnogi ga, ka\u017ee Skoko, pitaju je li \u017eenski akt radio po \u017eivom modelu \u2013 no on detalje zapa\u017ea u hodu, ne\u0161to je radio i po sje\u0107anju, ne\u0161to i po imaginaciji. Nema ni\u0161ta protiv \u017eivog modela, ka\u017ee, ali \u017eivi model je danas zapostavljen, pogotovo u maloj sredini u kojoj i sam \u017eivi, i Skoko smatra da bi i na ALU-u \u0160iroki Brijeg trebalo biti tako ne\u0161to.<br \/>\u201cMi pro\u017eivljavamo nedostatak modela, a tamo gdje ih ima puno i gdje ih ima vi\u0161ka, tamo i ne trebaju\u201d, ka\u017ee Skoko.<br \/>Iako je i redoviti profesor na Akademiji likovnih umjetnosti \u0160iroki Brijeg, Skoko ka\u017ee da ostaje dovoljno vremena i za umjetni\u010dko stvaranje, jer jednako voli i pedago\u0161ki i umjetni\u010dki rad. A uz sve to, ostane mu vremena i za &#8216;slobodne aktivnosti&#8217; \u2013 zabavu s njegovim mje\u0161tanima: bo\u0107anje, balotanje, igranje bele&#8230;<br \/>\u201cAko djeluje opu\u0161taju\u0107e, nije lo\u0161e\u201d, ka\u017ee Skoko s osmijehom.<\/p>\n<p><strong>O autoru<\/strong><\/p>\n<p>Stjepan Skoko ro\u0111en je 9. rujna 1959. godine u Grabu kod Ljubu\u0161kog (BiH). Zavr\u0161io je \u0160kolu primijenjenih umjetnosti u Sarajevu 1979. godine, a 1986. godine diplomirao je kiparstvo na Akademiji likovnih umjetnosti u Zagrebu u klasi profesora Vjekoslava Ruklja\u010da. Od 1987. godine \u010dlan je Hrvatskog dru\u0161tva likovnih umjetnika u Zagrebu. Godine 1995. utemeljio je Umjetni\u010dku galeriju \u201cTMT\u201d Ljubu\u0161ki, a sudjelovao je i u osnivanju Akademije likovnih umjetnosti u \u0160irokom Brijegu. Izlagao je na mnogim samostalnim i skupnim izlo\u017ebama.<\/p>\n<div style=\"text-align: right;\"><strong><span style=\"font-size: 8pt;\">Andrijana Copf | Dnevni List<br \/><\/span><\/strong><\/div>\n<\/p><\/div>\n","protected":false},"excerpt":{"rendered":"<div class=\"mh-excerpt\"><div style=\"text-align: justify;\" \/><img loading=\"lazy\" decoding=\"async\" class=\" alignleft size-full wp-image-7078\" style=\"margin-top: 3px; margin-right: 6px; float: left;\" alt=\"skoko\" src=\"https:\/\/ljportal.com\/arhiva\/wp-content\/uploads\/2010\/10\/novo_jesen_skoko.gif\" width=\"150\" height=\"113\" srcset=\"https:\/\/ljportal.com\/arhiva\/wp-content\/uploads\/2010\/10\/novo_jesen_skoko.gif 150w, https:\/\/ljportal.com\/arhiva\/wp-content\/uploads\/2010\/10\/novo_jesen_skoko-80x60.gif 80w\" sizes=\"auto, (max-width: 150px) 100vw, 150px\" \/>Nakon \u0161to je postavljena u listopadu pro\u0161le godine u Mostaru, u Galeriji kraljice Katarine Kosa\u010da, izlo\u017eba skulptura akademskog kipara Stjepana Skoke, rodom iz Graba kod Ljubu\u0161kog i redovitog profesora na Akademiji likovnih umjetnosti \u0160iroki Brijeg, sutra \u0107e biti postavljena i u galeriji Collegium artisticum u Sarajevu.  <\/p>\n<\/div>","protected":false},"author":1,"featured_media":7078,"comment_status":"open","ping_status":"open","sticky":false,"template":"","format":"standard","meta":{"footnotes":""},"categories":[22],"tags":[],"class_list":["post-7079","post","type-post","status-publish","format-standard","has-post-thumbnail","hentry","category-kultura-kultura"],"_links":{"self":[{"href":"https:\/\/ljportal.com\/arhiva\/wp-json\/wp\/v2\/posts\/7079","targetHints":{"allow":["GET"]}}],"collection":[{"href":"https:\/\/ljportal.com\/arhiva\/wp-json\/wp\/v2\/posts"}],"about":[{"href":"https:\/\/ljportal.com\/arhiva\/wp-json\/wp\/v2\/types\/post"}],"author":[{"embeddable":true,"href":"https:\/\/ljportal.com\/arhiva\/wp-json\/wp\/v2\/users\/1"}],"replies":[{"embeddable":true,"href":"https:\/\/ljportal.com\/arhiva\/wp-json\/wp\/v2\/comments?post=7079"}],"version-history":[{"count":0,"href":"https:\/\/ljportal.com\/arhiva\/wp-json\/wp\/v2\/posts\/7079\/revisions"}],"wp:featuredmedia":[{"embeddable":true,"href":"https:\/\/ljportal.com\/arhiva\/wp-json\/wp\/v2\/media\/7078"}],"wp:attachment":[{"href":"https:\/\/ljportal.com\/arhiva\/wp-json\/wp\/v2\/media?parent=7079"}],"wp:term":[{"taxonomy":"category","embeddable":true,"href":"https:\/\/ljportal.com\/arhiva\/wp-json\/wp\/v2\/categories?post=7079"},{"taxonomy":"post_tag","embeddable":true,"href":"https:\/\/ljportal.com\/arhiva\/wp-json\/wp\/v2\/tags?post=7079"}],"curies":[{"name":"wp","href":"https:\/\/api.w.org\/{rel}","templated":true}]}}