{"id":7444,"date":"2010-10-28T12:38:23","date_gmt":"2010-10-28T10:38:23","guid":{"rendered":"https:\/\/ljportal.com\/arhiva\/2010\/10\/28\/za-deset-mjeseci-pregledano-ak-1500-ena-na-mobilnom-mamografu\/"},"modified":"2010-10-28T12:38:23","modified_gmt":"2010-10-28T10:38:23","slug":"za-deset-mjeseci-pregledano-ak-1500-ena-na-mobilnom-mamografu","status":"publish","type":"post","link":"https:\/\/ljportal.com\/arhiva\/za-deset-mjeseci-pregledano-ak-1500-ena-na-mobilnom-mamografu\/","title":{"rendered":"Za deset mjeseci pregledano \u010dak 1500 \u017eena na mobilnom mamografu"},"content":{"rendered":"<div style=\"text-align: justify;\" \/><img loading=\"lazy\" decoding=\"async\" class=\" alignleft size-full wp-image-7443\" style=\"margin-top: 3px; margin-right: 6px; float: left;\" alt=\"mobilni_m_ljubuski\" src=\"https:\/\/ljportal.com\/arhiva\/wp-content\/uploads\/2010\/10\/novo_jesen_mobilni_m_ljubuski.gif\" width=\"150\" height=\"113\" srcset=\"https:\/\/ljportal.com\/arhiva\/wp-content\/uploads\/2010\/10\/novo_jesen_mobilni_m_ljubuski.gif 150w, https:\/\/ljportal.com\/arhiva\/wp-content\/uploads\/2010\/10\/novo_jesen_mobilni_m_ljubuski-80x60.gif 80w\" sizes=\"auto, (max-width: 150px) 100vw, 150px\" \/>U samo deset mjeseci na mobilnom mamografu u Zapadnohercegova\u010dkoj \u017eupaniji obavljeno je 1500 pregleda, ka\u017ee dr. Iva Bubalo, ravnateljica Doma zdravlja Ljubu\u0161ki, u kojem je mamograf bio smje\u0161ten proteklih nekoliko mjeseci, isti\u010de kako je odziv \u017eena na preglede mamogranje mnogo ve\u0107i nego se to o\u010dekivalo te da \u017eene u ovoj \u017eupaniji o\u010dito   vode brigu o svom zdravlju i prevenciji. <\/p>\n<p>&#8220;Na preglede su dolazile \u017eene iz triju op\u0107ina &#8211; Ljubu\u0161kog, \u0160irokog Brijega i Posu\u0161ja, dok Grude imaju svoj fiksni mamograf&#8221; &#8211; navodi Bubalo. Od stotinu snimljenih \u017eena pregledanih ovim mamografom otkriveno je da je oko dva posto njih suspektnih na tumor. &#8220;Me\u0111utim, nemamo podatke o potvrdi te bolesti, tako da ne mogu re\u0107i jesu li to sve bili maligni karcinomi ili su bile neke benigne tvorevine&#8221;, ka\u017ee dr. Bubalo. <\/p>\n<p>Kada je u pitanju rast broja \u017eena oboljelih od karcinoma dojke, dr. Bubalo ka\u017ee da se, prema njenim saznanjima, u ZH\u017d-u ne bilje\u017ei ve\u0107i broj oboljelih. &#8220;Kada usporedimo broj oboljelih \u017eena u ovoj \u017eupaniji s brojem oboljelih, primjerice u Hrvatskoj, tada mo\u017eemo re\u0107i da Zapadnohercegova\u010dka \u017eupanija jo\u0161 uvijek ima mnogo manji broj oboljelih&#8221;, kazala je dr. Bubalo. Isti\u010de da ponovno slijedi akcija u ovoj \u017eupaniji te da \u017eene moraju nastaviti voditi brigu o svom zdravlju i i\u0107i na redovite preglede. Sljede\u0107a dva mjeseca mobilni mamograf \u0107e biti u op\u0107ini \u010citluk, a dr. Bubalo isti\u010de kako je on dostupan i svim ostalim op\u0107inama koje poka\u017eu interes za to. <\/p>\n<p>&#8220;S \u010citlukom je akcija dogovorena ranije i u samo tjedan dana popunjeni su svi termini pregleda za dva mjeseca, koliko je prvotno planirano da mamograf bude u toj op\u0107ini. Tako da razmi\u0161ljamo tu akciju produ\u017eiti jo\u0161 mjesec dana u \u010citluku&#8221; &#8211; navodi dr. Bubalo. Naglasila je da je akcija preventivnog karaktera te da se mamografija ne preporu\u010duje \u017eenama mla\u0111im od 40 godina, jer se radi o zra\u010denju.<\/p>\n<div style=\"text-align: right;\"><span style=\"font-size: 8pt;\"><strong>Marija Medi\u0107 | Ve\u010dernji list<\/strong><\/span><\/div>\n<\/p><\/div>\n","protected":false},"excerpt":{"rendered":"<div class=\"mh-excerpt\"><div style=\"text-align: justify;\" \/><img loading=\"lazy\" decoding=\"async\" class=\" alignleft size-full wp-image-7443\" style=\"margin-top: 3px; margin-right: 6px; float: left;\" alt=\"mobilni_m_ljubuski\" src=\"https:\/\/ljportal.com\/arhiva\/wp-content\/uploads\/2010\/10\/novo_jesen_mobilni_m_ljubuski.gif\" width=\"150\" height=\"113\" srcset=\"https:\/\/ljportal.com\/arhiva\/wp-content\/uploads\/2010\/10\/novo_jesen_mobilni_m_ljubuski.gif 150w, https:\/\/ljportal.com\/arhiva\/wp-content\/uploads\/2010\/10\/novo_jesen_mobilni_m_ljubuski-80x60.gif 80w\" sizes=\"auto, (max-width: 150px) 100vw, 150px\" \/>U samo deset mjeseci na mobilnom mamografu u Zapadnohercegova\u010dkoj \u017eupaniji obavljeno je 1500 pregleda, ka\u017ee dr. Iva Bubalo, ravnateljica Doma zdravlja Ljubu\u0161ki, u kojem je mamograf bio smje\u0161ten proteklih nekoliko mjeseci, isti\u010de kako je odziv \u017eena na preglede mamogranje mnogo ve\u0107i nego se to o\u010dekivalo te da \u017eene u ovoj \u017eupaniji o\u010dito <\/p>\n<\/div>","protected":false},"author":1,"featured_media":7443,"comment_status":"open","ping_status":"open","sticky":false,"template":"","format":"standard","meta":{"footnotes":""},"categories":[19],"tags":[],"class_list":["post-7444","post","type-post","status-publish","format-standard","has-post-thumbnail","hentry","category-drustvo-drustvo"],"_links":{"self":[{"href":"https:\/\/ljportal.com\/arhiva\/wp-json\/wp\/v2\/posts\/7444","targetHints":{"allow":["GET"]}}],"collection":[{"href":"https:\/\/ljportal.com\/arhiva\/wp-json\/wp\/v2\/posts"}],"about":[{"href":"https:\/\/ljportal.com\/arhiva\/wp-json\/wp\/v2\/types\/post"}],"author":[{"embeddable":true,"href":"https:\/\/ljportal.com\/arhiva\/wp-json\/wp\/v2\/users\/1"}],"replies":[{"embeddable":true,"href":"https:\/\/ljportal.com\/arhiva\/wp-json\/wp\/v2\/comments?post=7444"}],"version-history":[{"count":0,"href":"https:\/\/ljportal.com\/arhiva\/wp-json\/wp\/v2\/posts\/7444\/revisions"}],"wp:featuredmedia":[{"embeddable":true,"href":"https:\/\/ljportal.com\/arhiva\/wp-json\/wp\/v2\/media\/7443"}],"wp:attachment":[{"href":"https:\/\/ljportal.com\/arhiva\/wp-json\/wp\/v2\/media?parent=7444"}],"wp:term":[{"taxonomy":"category","embeddable":true,"href":"https:\/\/ljportal.com\/arhiva\/wp-json\/wp\/v2\/categories?post=7444"},{"taxonomy":"post_tag","embeddable":true,"href":"https:\/\/ljportal.com\/arhiva\/wp-json\/wp\/v2\/tags?post=7444"}],"curies":[{"name":"wp","href":"https:\/\/api.w.org\/{rel}","templated":true}]}}