{"id":7715,"date":"2010-11-19T10:29:45","date_gmt":"2010-11-19T09:29:45","guid":{"rendered":"https:\/\/ljportal.com\/arhiva\/2010\/11\/19\/zbogom-hrvatska\/"},"modified":"2010-11-19T10:29:45","modified_gmt":"2010-11-19T09:29:45","slug":"zbogom-hrvatska","status":"publish","type":"post","link":"https:\/\/ljportal.com\/arhiva\/zbogom-hrvatska\/","title":{"rendered":"Zbogom Hrvatska!"},"content":{"rendered":"<div style=\"text-align: justify;\" \/><img loading=\"lazy\" decoding=\"async\" class=\" alignleft size-full wp-image-7714\" style=\"margin-top: 3px; margin-right: 6px; float: left;\" alt=\"zbogom\" src=\"https:\/\/ljportal.com\/arhiva\/wp-content\/uploads\/2010\/11\/novo_jesen_zbogom.gif\" width=\"150\" height=\"113\" srcset=\"https:\/\/ljportal.com\/arhiva\/wp-content\/uploads\/2010\/11\/novo_jesen_zbogom.gif 150w, https:\/\/ljportal.com\/arhiva\/wp-content\/uploads\/2010\/11\/novo_jesen_zbogom-80x60.gif 80w\" sizes=\"auto, (max-width: 150px) 100vw, 150px\" \/>Oduvijek sam volio blagdane. Vjerski blagdani odi\u0161u toplinom i duhovno\u0161\u0107u, \u010desto slu\u017ee kao obiteljska okupljanja ili \u010dak kao preispitivanja samog sebe. Kako suvremen na\u010din \u017eivota uvjetuje\u00a0 otu\u0111enost naju\u017eih \u010dlanova obitelji, to su jedinstvene prigode za susrete i ponovni osje\u0107aj topline obiteljskog doma.   <\/p>\n<p>Dr\u017eavni blagdani naprotiv slu\u017ee za afirmiranje domoljublja i svih pozitivnih ste\u010devina nacionalnog zanosa, proglasi se neradni dan i mediji evociraju uspomene na va\u017ean datum u nacionalnoj povijesti. Tako sam ja danas, kasnije \u0107e se pokazati uzaludno, po hrvatskim medijima tra\u017eio spomen, meni osobno najve\u0107eg blagdana &#8211; Dana Herceg-Bosne.<\/p>\n<p>U Hrvatskoj se 18. studenog obilje\u017eava Dan sje\u0107anja na Vukovar. Grad, koji se \u017ertvovao za cijelu Hrvatsku, gdje je slomljena o\u0161trica napada na Hrvatsku u prvom i najgorem naletu zdru\u017eenih snaga JNA, rezervista iz Srbije, srpskih dragovoljaca i \u010detni\u010dkih hordi, potpomognuti velikim dijelom i domicilnim srpskim stanovni\u0161tvom.<\/p>\n<p>Nakon 87 dana opsade i nadljudskih napora branitelja Vukovara, obrana je popustila\u00a0 dana 18. studenog 1991. godine. Nakon ulaska srpskih postrojbi u potpuno razru\u0161eni grad, dogodili su se zlo\u010dini nad pre\u017eivjelim braniteljima i iscrpljenim preostalim stanovnicima ovog grada. Procjenjuje se da je tijekom borbi i neposredno nakon pada Vukovara poginulo preko 3.000 branitelja i civila.<\/p>\n<p>Cijela Herceg-Bosna se tako\u0111er redovito sjeti ovog datuma. Upravo sam danas prolazio kroz Ljubu\u0161ki, gdje je u sredi\u0161tu grada veliki transparent s imenom Vukovara i organizirano je paljenje svije\u0107a za \u017ertve grada heroja. I tako diljem gradova Herceg-Bosne, svatko na svoj na\u010din, odaje pijetet.<\/p>\n<p>Primjerice, dvije najve\u0107e hercegbosanske navija\u010dke skupine ljubu\u0161ki Skauti i mostarski Ultrasi se u dosada\u0161njim godinama uvijek sjete ovog tu\u017enog datuma i nekim znakom obilje\u017ee obljetnicu stradanja Vukovara.<\/p>\n<p>Prije 19. godina, na isti ovaj datum je osnovana Hrvatska zajednica Herceg-Bosna. Nakon \u0161to su Hrvati u BiH shvatili da su prepu\u0161teni sebi i da slu\u017ebeno Sarajevo zabija glavu u pijesak pred sve agresivnijim pona\u0161anjem JNA i domicilnog srpskog stanovni\u0161tva, u suradnji sa Republikom Hrvatskom je osnovana Herceg-Bosna, koja \u0107e kasnije izrasti u hrvatsku republiku unutar BiH.<\/p>\n<p>Potez je, kasnije se to i pokazalo,\u00a0 bio izvrstan i dobro tempiran. Na vrijeme se shvatilo, \u0161to se sprema BiH i ubrzo iz HZ H-B je izrastao HVO, organizirana vojna obrambena formacija koja je obranila ili zna\u010dajno sudjelovala u obrani najve\u0107eg dijela slobodnih teritorija te 1992. godine. Dana 28. kolovoza 1993. godine HZ H-B je postala Hrvatska republika Herceg-Bosna sa svojim Ustavom i svim institucijama, te osiguravala Hrvatima u BiH opstanak i funkcioniranje svih osnovnih dru\u0161tvenih tijekova u te\u0161kim vremenima.<\/p>\n<p>Republika Hrvata u BiH je kratko trajala. Ve\u0107 18. o\u017eujka 1994. godine je slu\u017ebeno ukinuta potpisivanjem Washingtonskog sporazuma sa BiH Muslimanima. Gledaju\u0107i iz ove vremenske distance, vidljivo je kako je od tog datuma Hrvatskoj krenulo nabolje, a BiH Hrvatima nagore. Evidentno je, da je za \u017ertvu republike Hrvata u BiH, Hrvatska dobila podr\u0161ku SAD-a, kao tada jedine svjetske sile. Promjenu percepcije i podr\u0161ka SAD-a i velikog dijela EU je ubrzo rezultiralo vojno-redarstvenom akcijom Oluja i mirnom reintegracijom hrvatskog Podunavlja.<\/p>\n<p>Za interese Republike Hrvatske \u017ertvovan je zalog ravnopravnosti i opstanka BiH Hrvata. Tek petnaest-\u0161esnaest godina kasnije, postajemo svjesni koliko je \u017ertva bila golema. Osim brojnih dragovoljaca u obrani Hrvatske u samom po\u010detku rata, bezuvjetnog domoljublja i lojalnosti, \u017ertvovana je vlastita republika u BiH, \u010dime \u0107e Hrvati u BiH ostati na vjetrometini budu\u0107ih doga\u0111aja u BiH, bez vlastitog doma i u statusu podstanara na svojoj vjekovnoj zemlji.<\/p>\n<p>A Republika Hrvatska 16 godina poslije? Etni\u010dki, jedna od najhomogenijih dr\u017eava na svijetu se \u010dudi, kak&#8217; mi dole u Bosni ne mo\u017eemo \u017eivjeti multietni\u010dnosti ili multikulturalnost i jo\u0161 tjeramo fuj, fuj nacionalizam. Mediji s velikom dozom podcjenjivanja naprave reporta\u017ee i izvje\u0161\u0107a iz BiH sa stavom \u201ene bi se \u0161tel me\u0161ati\u201c, naj\u010de\u0161\u0107e s ekvidistancom prema Muslimanima-Bo\u0161njacima i BiH Hrvatima.<\/p>\n<p>Licemjerje na n-tu potenciju. Ali to jo\u0161 mitteleuropskoj Hrvatskoj nije dovoljno. Iako su BiH Hrvati platili ogromnu cijenu etni\u010dki homogene i cjelovite Republike Hrvatske, da bi gra\u0111ani RH, jelda, brzo zaboravili nacionalizam iz proste \u010dinjenice, da nacionalnih manjina po Hrvatskoj ima zanemariv broj, pa taj nacionalizam nema smisla, bili smo svjedoci u proteklih deset-dvanaest godina konstantnoj sotonizaciji BiH Hrvata u mainstream strujama u RH. Iako je Herceg-Bosna, te 1994. godine u Washingtonu, zamijenjena za interese Hrvatske kao stabilne nacionalne dr\u017eave &#8211; onom dijelu naroda, koji je \u017ertvovao svoj institucionalni okvir na svom vlastitom ognji\u0161tu, je zabijen no\u017e u le\u0111a.<\/p>\n<p>Bez obzira, \u0161to su gra\u0111ani RH\u00a0 dobili rije\u0161eno nacionalno pitanje, koje je odmah spalo nisko na ljestvici prioriteta, tako da su se vrlo brzo mogli posvetiti op\u0107em dru\u0161tvenom razvoju i osloniti na same sebe. A pastor\u010de, kojeg se ma\u0107eha sada, kada vi\u0161e nije imala interesa od njega, \u017eeljela \u0161to prije rije\u0161iti i odmaknuti od svojih skuta. U stilu &#8211; evo davat \u0107u ti malo para, samo mi se nemoj puno vrzmati oko moje ku\u0107e. Nemojte se dole sva\u0111ati s Muslimanima-Bo\u0161njacima, pobogu mogla bi nam propasti zbog vas koja turisti\u010dka sezona ili biste svojim glupostima mogli unijeti nestabilnost u regiju i otjerati svjetske investitore.<\/p>\n<p>Tako danas gledam hrvatske medije i nitko ne spominje Dan Herceg \u2013Bosne, najve\u0107eg blagdana BiH Hrvata. Moj preostali optimizam u svezi RH je ve\u0107 odavno splasnuo, a onaj zadnji tra\u010dak nade je danas i\u0161\u010deznuo gledaju\u0107i sve do kraja informativne emisije, o\u010dekuju\u0107i naivno, da \u0107e se spomenuti ovaj va\u017ean datum za BiH Hrvate. Nadu je podgrijavala \u010dinjenica, kako se BiH Hrvati sjete uvijek i redovito Vukovara, pa valjda \u0107e se\u00a0 RH sjetiti sunarodnjaka u te\u0161kom polo\u017eaju u BiH. Ali jok &#8211; ni avaza. Vukovar je (zaslu\u017eeno) dobio ve\u0107u minuta\u017eu i prostor u medijima, kao nikada proteklih godina, ali Herceg-Bosna i BiH Hrvati, taj te\u017eak balast RH, to ne\u0161to tamo daleko u toj ubavoj Bosni, kojeg bi se Hrvatska najradije na bilo koji na\u010din rije\u0161ila, nisu dobili ni sekunde medijskih svjetala.<\/p>\n<p>A mi Hercegbosanci 16 godina poslije, jesmo li pametniji? Pratimo li jo\u0161 samo hrvatske medije, znamo li vi\u0161e o politi\u010dkim doga\u0111anjima u Hrvatskoj, nego u BiH, navijamo li samo za Dinamo i Hajduk, sjete li se BBB i Torcida u svojim koreografijama Herceg-Bosne? Je li nam jo\u0161 uvijek va\u017eniji boljitak kiflolike republike od nas samih?<\/p>\n<p>Jo\u0161 mnogi od nas se dr\u017ee za skute nacionalne dr\u017eave, kao da ne mogu shvatiti da ljubav nije obostrana. Naime, s onu stranu Une i Save svake godine sve vi\u0161e prevladava ravnodu\u0161nost i podcjenjivanje.<\/p>\n<p>Ja osobno sve manje pogled upu\u0107ujem preko Dinare i Biokova. Mostar, Livno, Vitez, Kiseljak, \u017dep\u010de, Ora\u0161je i ostali gradovi gdje \u017eive BiH Hrvati je moj pravi dom. Prema Hrvatskoj sam i ja sve ravnodu\u0161niji. I da \u2013 navijam za Zrinju i \u010ditam hercegbosanske portale. Konju\u0161arstvo ne \u017eelim uvoziti ni preko digitalca, niti opti\u010dkim kablovima.<\/p>\n<p>Zbogom Hrvatska!<\/p>\n<p> <\/p>\n<div style=\"text-align: right;\"><span style=\"font-size: 8pt;\"><strong>Ivan Filipovi\u0107 l poskok.info<br \/><\/strong><\/span><\/div>\n<\/p><\/div>\n","protected":false},"excerpt":{"rendered":"<div class=\"mh-excerpt\"><div style=\"text-align: justify;\" \/><img loading=\"lazy\" decoding=\"async\" class=\" alignleft size-full wp-image-7714\" style=\"margin-top: 3px; margin-right: 6px; float: left;\" alt=\"zbogom\" src=\"https:\/\/ljportal.com\/arhiva\/wp-content\/uploads\/2010\/11\/novo_jesen_zbogom.gif\" width=\"150\" height=\"113\" srcset=\"https:\/\/ljportal.com\/arhiva\/wp-content\/uploads\/2010\/11\/novo_jesen_zbogom.gif 150w, https:\/\/ljportal.com\/arhiva\/wp-content\/uploads\/2010\/11\/novo_jesen_zbogom-80x60.gif 80w\" sizes=\"auto, (max-width: 150px) 100vw, 150px\" \/>Oduvijek sam volio blagdane. Vjerski blagdani odi\u0161u toplinom i duhovno\u0161\u0107u, \u010desto slu\u017ee kao obiteljska okupljanja ili \u010dak kao preispitivanja samog sebe. Kako suvremen na\u010din \u017eivota uvjetuje\u00a0 otu\u0111enost naju\u017eih \u010dlanova obitelji, to su jedinstvene prigode za susrete i ponovni osje\u0107aj topline obiteljskog doma. <\/p>\n<\/div>","protected":false},"author":1,"featured_media":7714,"comment_status":"open","ping_status":"open","sticky":false,"template":"","format":"standard","meta":{"footnotes":""},"categories":[25],"tags":[],"class_list":["post-7715","post","type-post","status-publish","format-standard","has-post-thumbnail","hentry","category-kolumne-kolumne"],"_links":{"self":[{"href":"https:\/\/ljportal.com\/arhiva\/wp-json\/wp\/v2\/posts\/7715","targetHints":{"allow":["GET"]}}],"collection":[{"href":"https:\/\/ljportal.com\/arhiva\/wp-json\/wp\/v2\/posts"}],"about":[{"href":"https:\/\/ljportal.com\/arhiva\/wp-json\/wp\/v2\/types\/post"}],"author":[{"embeddable":true,"href":"https:\/\/ljportal.com\/arhiva\/wp-json\/wp\/v2\/users\/1"}],"replies":[{"embeddable":true,"href":"https:\/\/ljportal.com\/arhiva\/wp-json\/wp\/v2\/comments?post=7715"}],"version-history":[{"count":0,"href":"https:\/\/ljportal.com\/arhiva\/wp-json\/wp\/v2\/posts\/7715\/revisions"}],"wp:featuredmedia":[{"embeddable":true,"href":"https:\/\/ljportal.com\/arhiva\/wp-json\/wp\/v2\/media\/7714"}],"wp:attachment":[{"href":"https:\/\/ljportal.com\/arhiva\/wp-json\/wp\/v2\/media?parent=7715"}],"wp:term":[{"taxonomy":"category","embeddable":true,"href":"https:\/\/ljportal.com\/arhiva\/wp-json\/wp\/v2\/categories?post=7715"},{"taxonomy":"post_tag","embeddable":true,"href":"https:\/\/ljportal.com\/arhiva\/wp-json\/wp\/v2\/tags?post=7715"}],"curies":[{"name":"wp","href":"https:\/\/api.w.org\/{rel}","templated":true}]}}