{"id":8814,"date":"2011-02-22T21:05:07","date_gmt":"2011-02-22T20:05:07","guid":{"rendered":"https:\/\/ljportal.com\/arhiva\/2011\/02\/22\/otvarana-lovacka-kucica-u-klobuku\/"},"modified":"2011-02-22T21:05:07","modified_gmt":"2011-02-22T20:05:07","slug":"otvarana-lovacka-kucica-u-klobuku","status":"publish","type":"post","link":"https:\/\/ljportal.com\/arhiva\/otvarana-lovacka-kucica-u-klobuku\/","title":{"rendered":"Otvorena lova\u010dka ku\u0107ica u Klobuku"},"content":{"rendered":"<div style=\"text-align: justify;\" \/><img loading=\"lazy\" decoding=\"async\" class=\" alignleft size-full wp-image-8813\" style=\"margin-top: 3px; margin-right: 6px; float: left;\" alt=\"lovci_klobuk\" src=\"https:\/\/ljportal.com\/arhiva\/wp-content\/uploads\/2011\/02\/novo_jesen_lovci_klobuk.gif\" width=\"150\" height=\"113\" srcset=\"https:\/\/ljportal.com\/arhiva\/wp-content\/uploads\/2011\/02\/novo_jesen_lovci_klobuk.gif 150w, https:\/\/ljportal.com\/arhiva\/wp-content\/uploads\/2011\/02\/novo_jesen_lovci_klobuk-80x60.gif 80w\" sizes=\"auto, (max-width: 150px) 100vw, 150px\" \/>Sekcija klobuk je 20.02.2011 godine, nedjelja, sve\u010dano otvorila svoju lova\u010dku ku\u0107icu. Zemlji\u0161te za izgradnju ku\u0107ice dala je Regina Petrovi\u0107 udova Karla, njezin mu\u017e je bio uzoran \u010dlan sekcije Klobuk i lova\u010dke Udruge Kravica iz Ljubu\u0161kog. U roku od godinu dana je zapo\u010deto ravnanje izgradnja i dovr\u0161etak ku\u0107ice, tako da su lovci iz Klobuka    svoj lovnogospodarski objekta napravila u rekordnom roku uz pomo\u0107 sponzora. <\/p>\n<p>Sekcija ima 42 \u010dlana koji su raspore\u0111eni u \u010detiri lovne grupe, svaka grupa ima grupovo\u0111u i za prijem novi \u010dlanova u grupu pravi sastanak i vije\u0107a o daljnjem radu grupe po pitanju lovstva. Op\u0107ina Ljubu\u0161ki na \u010delu s Nevenkom Barbari\u0107em je najve\u0107i sponzor ove lova\u010dke ku\u0107e uz njih i lova\u010dka Udruga Kravica, Crem Cafe, Euroherc i dosta privatnika iz Klobuka. Glavni izvo\u0111a\u010di radova su bili Luka Ra\u0161i\u0107 i \u017deljko Artukovi\u0107 dok su ostali \u010dlanovi sekcije pomagali pri samoj izgradnji, prilazni put do ku\u0107ice je nanovo napravljen uz pomo\u0107 firme Vegi\u0107 comerce i uprave putova Grude u kojima rade i vi\u0111eni \u010dlanovi sekcije Klobuk.<\/p>\n<p>Na samom otvaranju su bili nazo\u010dni Na\u010delnik op\u0107ine Ljubu\u0161ki gospodin Nevenko Barbari\u0107 i predsjednik Skup\u0161tine Zapadnohercegova\u010dke gospodin Ante Mi\u0161eti\u0107, gosti su bili odu\u0161evljeni vidikovcem ispred ku\u0107ice i samom brzinom kojom je ku\u0107ica bila zavr\u0161ena, obe\u0107ali su daljnju suradnju i nesebi\u010dnu pomo\u0107 ovim radi\u0161nim lovcima iz Klobuka. Predsjednik HUL \u201eKravica\u201c Ljubu\u0161ki gospodin Tomislav Petrovi\u0107 je pohvalio lovce za trud koji su ulo\u017eili u izgradnju objekta i jo\u0161 jednom istakao kako rado dolazi u lovu u ovu jako dobro organiziranu sekciju. \u017deljko Me\u0111ugorac predsjednik sekcije vidno radostan koliko zbog zavr\u0161etka ku\u0107ice i otvaranja toliko i zbog vi\u0111eni gostiju koji su uveli\u010dali ovaj doga\u0111aj, srda\u010dno je primio sve \u010destitke i u budu\u0107e po\u017eelio predsjedniku da do\u0111e u lov i u goste kod veseli i gostoljubivi Klobu\u010dana.<br \/><img decoding=\"async\" style=\"margin-top: 6px; margin-right: 0px; margin-bottom: 6px;\" src=\"http:\/\/lovci-ljubuski.com\/images\/stories\/mario_herceg\/skupna_700.jpg\" width=\"525\" \/> <\/p>\n<div style=\"text-align: right;\"><span style=\"font-size: 8pt;\"><strong>Mario Herceg | lovci-ljubuski.com<\/strong><\/span><\/div>\n<\/p><\/div>\n","protected":false},"excerpt":{"rendered":"<div class=\"mh-excerpt\"><div style=\"text-align: justify;\" \/><img loading=\"lazy\" decoding=\"async\" class=\" alignleft size-full wp-image-8813\" style=\"margin-top: 3px; margin-right: 6px; float: left;\" alt=\"lovci_klobuk\" src=\"https:\/\/ljportal.com\/arhiva\/wp-content\/uploads\/2011\/02\/novo_jesen_lovci_klobuk.gif\" width=\"150\" height=\"113\" srcset=\"https:\/\/ljportal.com\/arhiva\/wp-content\/uploads\/2011\/02\/novo_jesen_lovci_klobuk.gif 150w, https:\/\/ljportal.com\/arhiva\/wp-content\/uploads\/2011\/02\/novo_jesen_lovci_klobuk-80x60.gif 80w\" sizes=\"auto, (max-width: 150px) 100vw, 150px\" \/>Sekcija klobuk je 20.02.2011 godine, nedjelja, sve\u010dano otvorila svoju lova\u010dku ku\u0107icu. Zemlji\u0161te za izgradnju ku\u0107ice dala je Regina Petrovi\u0107 udova Karla, njezin mu\u017e je bio uzoran \u010dlan sekcije Klobuk i lova\u010dke Udruge Kravica iz Ljubu\u0161kog. U roku od godinu dana je zapo\u010deto ravnanje izgradnja i dovr\u0161etak ku\u0107ice, tako da su lovci iz Klobuka  <\/p>\n<\/div>","protected":false},"author":1,"featured_media":8813,"comment_status":"open","ping_status":"open","sticky":false,"template":"","format":"standard","meta":{"footnotes":""},"categories":[19],"tags":[],"class_list":["post-8814","post","type-post","status-publish","format-standard","has-post-thumbnail","hentry","category-drustvo-drustvo"],"_links":{"self":[{"href":"https:\/\/ljportal.com\/arhiva\/wp-json\/wp\/v2\/posts\/8814","targetHints":{"allow":["GET"]}}],"collection":[{"href":"https:\/\/ljportal.com\/arhiva\/wp-json\/wp\/v2\/posts"}],"about":[{"href":"https:\/\/ljportal.com\/arhiva\/wp-json\/wp\/v2\/types\/post"}],"author":[{"embeddable":true,"href":"https:\/\/ljportal.com\/arhiva\/wp-json\/wp\/v2\/users\/1"}],"replies":[{"embeddable":true,"href":"https:\/\/ljportal.com\/arhiva\/wp-json\/wp\/v2\/comments?post=8814"}],"version-history":[{"count":0,"href":"https:\/\/ljportal.com\/arhiva\/wp-json\/wp\/v2\/posts\/8814\/revisions"}],"wp:featuredmedia":[{"embeddable":true,"href":"https:\/\/ljportal.com\/arhiva\/wp-json\/wp\/v2\/media\/8813"}],"wp:attachment":[{"href":"https:\/\/ljportal.com\/arhiva\/wp-json\/wp\/v2\/media?parent=8814"}],"wp:term":[{"taxonomy":"category","embeddable":true,"href":"https:\/\/ljportal.com\/arhiva\/wp-json\/wp\/v2\/categories?post=8814"},{"taxonomy":"post_tag","embeddable":true,"href":"https:\/\/ljportal.com\/arhiva\/wp-json\/wp\/v2\/tags?post=8814"}],"curies":[{"name":"wp","href":"https:\/\/api.w.org\/{rel}","templated":true}]}}