{"id":8817,"date":"2011-02-24T09:15:22","date_gmt":"2011-02-24T08:15:22","guid":{"rendered":"https:\/\/ljportal.com\/arhiva\/2011\/02\/24\/najava-dokumentarni-film-o-veselku-koromanu\/"},"modified":"2011-02-24T09:15:22","modified_gmt":"2011-02-24T08:15:22","slug":"najava-dokumentarni-film-o-veselku-koromanu","status":"publish","type":"post","link":"https:\/\/ljportal.com\/arhiva\/najava-dokumentarni-film-o-veselku-koromanu\/","title":{"rendered":"NAJAVA: Dokumentarni film o Veselku Koromanu"},"content":{"rendered":"<div style=\"text-align: justify;\" \/><img loading=\"lazy\" decoding=\"async\" class=\" alignleft size-full wp-image-8816\" style=\"margin-top: 3px; margin-right: 6px; float: left;\" alt=\"stariji_od_vremena\" src=\"https:\/\/ljportal.com\/arhiva\/wp-content\/uploads\/2011\/02\/novo_jesen_stariji_od_vremena.gif\" width=\"150\" height=\"113\" srcset=\"https:\/\/ljportal.com\/arhiva\/wp-content\/uploads\/2011\/02\/novo_jesen_stariji_od_vremena.gif 150w, https:\/\/ljportal.com\/arhiva\/wp-content\/uploads\/2011\/02\/novo_jesen_stariji_od_vremena-80x60.gif 80w\" sizes=\"auto, (max-width: 150px) 100vw, 150px\" \/>Uorganizaciji Hrvatskog kulturnog dru\u0161tva Napredak \u2013 Glavna podru\u017enica Mostar u \u010detvrtak, 3. o\u017eujka 2011. godine u 19 sati u Hrvatskom narodnom kazali\u0161tu u Mostaru bit \u0107e odr\u017eana projekcija i predstavljanje dokumentarnog filma o knji\u017eevniku Veselku Koromanu &#8221;Stariji od vremena&#8221;.     <\/p>\n<p>O filmu \u0107e govoriti predsjednik Napretkove glavne podru\u017enice u Mostaru i scenarist filma Miroslav Palameta, redatelj Dragan Komadina, producent Ivan Vukoja te sam Veselko Koroman.<\/p>\n<p>O Koromanu u filmu govore Ante Stama\u0107, Petar Gudelj, \u017deljko Ivankovi\u0107, Enver Kazaz, Slobodan Prosperov Novak i Tonko Maroevi\u0107. Koromanove pjesme interpretira glumac Dragan Despot, a tekst \u010dita \u017deljko Tomac.<\/p><\/div>\n<div style=\"text-align: justify;\"><\/div>\n<div style=\"text-align: justify;\"><\/div>\n<p style=\"text-align: justify;\">\u00a0<\/p>\n<p style=\"text-align: justify;\">Ovaj vrijedan film, uradak tvrtke &#8221;Koncept&#8221; iz Mostara, sniman je pro\u0161le godine u Radi\u0161i\u0107ima, Ljubu\u0161kom, Mostaru, Sarajevu, Zagrebu i Mogorjelu.<\/p>\n<p>Snimatelji filma su Marijo Rozi\u0107 i Alen Hod\u017ei\u0107, tonski ga je obradio Zlatko \u017dug\u010di\u0107, a za monta\u017eu i izradu grafike pobrinuo se Josip Bla\u017eevi\u0107.<\/p>\n<p>Veselko Koroman ro\u0111en je 1934. godine u Radi\u0161i\u0107ima gdje \u017eivi i danas. Diplomirao je knji\u017eevnost i filozofiju u Sarajevu. Objavljuje prozu, poeziju i esejistiku, a autor je i triju antologija hrvatskog pjesni\u0161tva, hrvatske proze i hrvatske drame u BiH od najstarijih vremena do danas. Prevo\u0111en je na mnoge jezike i zastupljen u brojim antologijama hrvatske i bh. poezije. \u010clan je HAZU-a i ANUBIH-a.<\/p>\n","protected":false},"excerpt":{"rendered":"<div class=\"mh-excerpt\"><div style=\"text-align: justify;\" \/><img loading=\"lazy\" decoding=\"async\" class=\" alignleft size-full wp-image-8816\" style=\"margin-top: 3px; margin-right: 6px; float: left;\" alt=\"stariji_od_vremena\" src=\"https:\/\/ljportal.com\/arhiva\/wp-content\/uploads\/2011\/02\/novo_jesen_stariji_od_vremena.gif\" width=\"150\" height=\"113\" srcset=\"https:\/\/ljportal.com\/arhiva\/wp-content\/uploads\/2011\/02\/novo_jesen_stariji_od_vremena.gif 150w, https:\/\/ljportal.com\/arhiva\/wp-content\/uploads\/2011\/02\/novo_jesen_stariji_od_vremena-80x60.gif 80w\" sizes=\"auto, (max-width: 150px) 100vw, 150px\" \/>Uorganizaciji Hrvatskog kulturnog dru\u0161tva Napredak \u2013 Glavna podru\u017enica Mostar u \u010detvrtak, 3. o\u017eujka 2011. godine u 19 sati u Hrvatskom narodnom kazali\u0161tu u Mostaru bit \u0107e odr\u017eana projekcija i predstavljanje dokumentarnog filma o knji\u017eevniku Veselku Koromanu &#8221;Stariji od vremena&#8221;.   <\/p>\n<\/div>","protected":false},"author":1,"featured_media":8816,"comment_status":"open","ping_status":"open","sticky":false,"template":"","format":"standard","meta":{"footnotes":""},"categories":[22],"tags":[],"class_list":["post-8817","post","type-post","status-publish","format-standard","has-post-thumbnail","hentry","category-kultura-kultura"],"_links":{"self":[{"href":"https:\/\/ljportal.com\/arhiva\/wp-json\/wp\/v2\/posts\/8817","targetHints":{"allow":["GET"]}}],"collection":[{"href":"https:\/\/ljportal.com\/arhiva\/wp-json\/wp\/v2\/posts"}],"about":[{"href":"https:\/\/ljportal.com\/arhiva\/wp-json\/wp\/v2\/types\/post"}],"author":[{"embeddable":true,"href":"https:\/\/ljportal.com\/arhiva\/wp-json\/wp\/v2\/users\/1"}],"replies":[{"embeddable":true,"href":"https:\/\/ljportal.com\/arhiva\/wp-json\/wp\/v2\/comments?post=8817"}],"version-history":[{"count":0,"href":"https:\/\/ljportal.com\/arhiva\/wp-json\/wp\/v2\/posts\/8817\/revisions"}],"wp:featuredmedia":[{"embeddable":true,"href":"https:\/\/ljportal.com\/arhiva\/wp-json\/wp\/v2\/media\/8816"}],"wp:attachment":[{"href":"https:\/\/ljportal.com\/arhiva\/wp-json\/wp\/v2\/media?parent=8817"}],"wp:term":[{"taxonomy":"category","embeddable":true,"href":"https:\/\/ljportal.com\/arhiva\/wp-json\/wp\/v2\/categories?post=8817"},{"taxonomy":"post_tag","embeddable":true,"href":"https:\/\/ljportal.com\/arhiva\/wp-json\/wp\/v2\/tags?post=8817"}],"curies":[{"name":"wp","href":"https:\/\/api.w.org\/{rel}","templated":true}]}}