{"id":8825,"date":"2011-02-25T14:06:00","date_gmt":"2011-02-25T13:06:00","guid":{"rendered":"https:\/\/ljportal.com\/arhiva\/2011\/02\/25\/nepoznati-pocinitelj-razbio-vjetrobransko-staklo\/"},"modified":"2011-02-25T14:06:00","modified_gmt":"2011-02-25T13:06:00","slug":"nepoznati-pocinitelj-razbio-vjetrobransko-staklo","status":"publish","type":"post","link":"https:\/\/ljportal.com\/arhiva\/nepoznati-pocinitelj-razbio-vjetrobransko-staklo\/","title":{"rendered":"Nepoznati po\u010dinitelj razbio vjetrobransko staklo"},"content":{"rendered":"<div style=\"text-align: justify;\" \/><img loading=\"lazy\" decoding=\"async\" class=\" alignleft size-full wp-image-7318\" style=\"margin-top: 3px; margin-right: 6px; float: left;\" alt=\"mup\" src=\"https:\/\/ljportal.com\/arhiva\/wp-content\/uploads\/2010\/10\/novo_jesen_mup.gif\" width=\"150\" height=\"113\" \/>PU Ljubu\u0161ki no\u0107as je zaprimila prijavu da je tijekom prethodne no\u0107i nepoznati po\u010dinitelj razbio vjetrobransko staklo na motornom vozilu marke BMW, koje se nalazilo parkirano u mjestu Vitina. Policijski slu\u017ebenici poduzimaju potrebne izvide u cilju rasvjetljavanja okolnosti pod kojima je do\u0161lo do navedenog o\u0161te\u0107enja motornog vozila.   <\/p>\n<div style=\"text-align: right;\"><span style=\"font-size: 8pt;\"><strong>mupzzh.ba<\/strong><\/span><\/div>\n<\/p><\/div>\n","protected":false},"excerpt":{"rendered":"<div class=\"mh-excerpt\"><div style=\"text-align: justify;\" \/><img loading=\"lazy\" decoding=\"async\" class=\" alignleft size-full wp-image-7318\" style=\"margin-top: 3px; margin-right: 6px; float: left;\" alt=\"mup\" src=\"https:\/\/ljportal.com\/arhiva\/wp-content\/uploads\/2010\/10\/novo_jesen_mup.gif\" width=\"150\" height=\"113\" \/>PU Ljubu\u0161ki no\u0107as je zaprimila prijavu da je tijekom prethodne no\u0107i nepoznati po\u010dinitelj razbio vjetrobransko staklo na motornom vozilu marke BMW, koje se nalazilo parkirano u mjestu Vitina. Policijski slu\u017ebenici poduzimaju potrebne izvide u cilju rasvjetljavanja okolnosti pod kojima je do\u0161lo do navedenog o\u0161te\u0107enja motornog vozila. <\/p>\n<\/div>","protected":false},"author":1,"featured_media":7318,"comment_status":"open","ping_status":"open","sticky":false,"template":"","format":"standard","meta":{"footnotes":""},"categories":[27],"tags":[],"class_list":["post-8825","post","type-post","status-publish","format-standard","has-post-thumbnail","hentry","category-crna-kronika-crna-kronika"],"_links":{"self":[{"href":"https:\/\/ljportal.com\/arhiva\/wp-json\/wp\/v2\/posts\/8825","targetHints":{"allow":["GET"]}}],"collection":[{"href":"https:\/\/ljportal.com\/arhiva\/wp-json\/wp\/v2\/posts"}],"about":[{"href":"https:\/\/ljportal.com\/arhiva\/wp-json\/wp\/v2\/types\/post"}],"author":[{"embeddable":true,"href":"https:\/\/ljportal.com\/arhiva\/wp-json\/wp\/v2\/users\/1"}],"replies":[{"embeddable":true,"href":"https:\/\/ljportal.com\/arhiva\/wp-json\/wp\/v2\/comments?post=8825"}],"version-history":[{"count":0,"href":"https:\/\/ljportal.com\/arhiva\/wp-json\/wp\/v2\/posts\/8825\/revisions"}],"wp:featuredmedia":[{"embeddable":true,"href":"https:\/\/ljportal.com\/arhiva\/wp-json\/wp\/v2\/media\/7318"}],"wp:attachment":[{"href":"https:\/\/ljportal.com\/arhiva\/wp-json\/wp\/v2\/media?parent=8825"}],"wp:term":[{"taxonomy":"category","embeddable":true,"href":"https:\/\/ljportal.com\/arhiva\/wp-json\/wp\/v2\/categories?post=8825"},{"taxonomy":"post_tag","embeddable":true,"href":"https:\/\/ljportal.com\/arhiva\/wp-json\/wp\/v2\/tags?post=8825"}],"curies":[{"name":"wp","href":"https:\/\/api.w.org\/{rel}","templated":true}]}}