{"id":8828,"date":"2011-02-25T16:13:01","date_gmt":"2011-02-25T15:13:01","guid":{"rendered":"https:\/\/ljportal.com\/arhiva\/2011\/02\/25\/maja-prusina-najbolja-sportasica-ljubuskog\/"},"modified":"2011-02-25T16:13:01","modified_gmt":"2011-02-25T15:13:01","slug":"maja-prusina-najbolja-sportasica-ljubuskog","status":"publish","type":"post","link":"https:\/\/ljportal.com\/arhiva\/maja-prusina-najbolja-sportasica-ljubuskog\/","title":{"rendered":"Maja Prusina &#8211; najbolja \u0161porta\u0161ica Ljubu\u0161kog"},"content":{"rendered":"<p style=\"text-align: justify;\" \/><img loading=\"lazy\" decoding=\"async\" class=\" alignleft size-full wp-image-8827\" style=\"margin-top: 3px; margin-right: 6px; float: left;\" alt=\"maja_prusina\" src=\"https:\/\/ljportal.com\/arhiva\/wp-content\/uploads\/2011\/02\/novo_jesen_maja_prusina.gif\" width=\"150\" height=\"113\" srcset=\"https:\/\/ljportal.com\/arhiva\/wp-content\/uploads\/2011\/02\/novo_jesen_maja_prusina.gif 150w, https:\/\/ljportal.com\/arhiva\/wp-content\/uploads\/2011\/02\/novo_jesen_maja_prusina-80x60.gif 80w\" sizes=\"auto, (max-width: 150px) 100vw, 150px\" \/>Pro\u0161ao je jo\u0161 jedan Dan op\u0107ine Ljubu\u0161ki, odr\u017eane su razne manifestacije, od koncerta u\u010denika glazbenih \u0161kola, progla\u0161enja najboljih sporta\u0161a pa sve do sve\u010dane sjednice i dodjele godi\u0161njih i inih priznanja. Neke se stvari i imena mijenjaju iz godine u godinu, ali jedna je konstantna \u2013 Maja Prusina.   <\/p>\n<p style=\"text-align: justify;\">Trenutno rukometa\u0161ica banjolu\u010dkog Borca, po sedmi je put progla\u0161ena za najbolju \u0161porta\u0161icu Ljubu\u0161kog, zaslu\u017eeno kao i \u0161est puta prije toga.<\/p>\n<p>&#8211; Mislim da sam ovaj put zaslu\u017eeno izabrana, pro\u0161le godine sam bila najbolji strijelac lige i po mome sam odigrala najbolju sezonu, re\u010de nam Maja u razgovoru uz kavu.<\/p>\n<p>Maja je dugo godina igrala za Ljubu\u0161ki, zapravo od pokretanja kluba pod tim imenom 1999. godine. Uz treniranje i igranje, redovito je studirala u Mostaru i na vrijeme zavr\u0161ila fakultet. Radila je kao pripravnik u ljubu\u0161koj Gimnaziji, polo\u017eila stru\u010dni ispit\u2026 Kada je trebalo poduzeti korake da Maja ne napu\u0161ta Ljubu\u0161ki, onda se zakazalo&#8230;Maja je, na \u017ealost, morala u Banju Luku da nije teret roditeljima. Prema njoj je u\u010dinjena velika nepravda i kao igra\u010du i kao \u010dovjeku. O tim stvarima s Majom nismo razgovarali, a ni ona sama to ne bi \u017eeljela pa smo je upitali za prvu polusezonu:<\/p>\n<p style=\"text-align: justify;\"><img decoding=\"async\" style=\"margin-top: 6px; margin-bottom: 6px; float: left;\" src=\"http:\/\/www.radioljubuski.ba\/images\/stories\/mp_3.jpg\" width=\"525\" \/><\/p>\n<p style=\"text-align: center;\"><span style=\"font-size: 8pt;\">Prva postava \u017dRK Ljubu\u0161ki iz &#8217;99-e<\/span><\/p>\n<p style=\"text-align: justify;\">&#8211; Ostvarili smo zacrtani cilj, jesenski smo prvaci i dobili smo sve utakmice. S Regionalnom ligom nisam zadovoljna i ne mogu ni biti jer smo neke utakmice gubili s previ\u0161e golova razlike. Bile smo svjesne da \u0107emo izgubiti, ali ipak ne s tolikom razlikom. Dobro sam se uklopila u ekipu, iako me na po\u010detku bio malo strah. Godinama smo bili konkurenti s Borcem pa me malo bilo \u201e\u017euljalo\u201c kako \u0107e me cure primiti, ali sve je bilo dobro, nije bilo ama ba\u0161 nikakvih problema. Izborila sam mjesto u prvoj postavi, zadovoljna sam minuta\u017eom, a i ljudi op\u0107enito u Banjoj Luci su me dobro prihvatili tako da nemam razloga da budem nezadovoljna, a stekla sam i neka nova prijateljstva izvan rukometa.<br \/><strong><br \/>Kako je organiziran klub?<\/strong><\/p>\n<p>&#8211; \u0160to se rada ti\u010de, sli\u010dno je kao u Ljubu\u0161kom, igra\u010dice treniraju, nekad do\u0111u, nekad ne do\u0111u, nije to pravi profesionalizam.<\/p>\n<p><strong>\u017denski rukomet u BiH?<\/strong><\/p>\n<p>&#8211; U \u017eenskom rukometu je puno te\u017ee, uop\u0107e nema seniorske reprezentacije, sad ne\u0161to poku\u0161avaju s kadetskom. Mu\u0161ki rukomet je puno, puno popularniji i u Banjoj Luci kao i u Ljubu\u0161kom. Ovaj je \u017eenski rukomet pao na niske grane i ne znam kako \u0107e se di\u0107i.<br \/><strong><br \/> \u0160to je s reprezentacijom?<\/strong><\/p>\n<p>&#8211; Bila sam u reprezentaciji prije par godina. Tada je jo\u0161 bilo dobrih cura i igra\u010dica, ali kako godine idu one su odustajale od rukometa. Naravno, imaju one svoje obveze koje ne \u017eele zapustiti zbog rukometa od kojeg i nemaju bog zna \u0161to. Sve je manje kvalitetnih igra\u010dica u ligi i ne znam koju bi trenutno reprezentaciju mogli slo\u017eiti. Nas \u201estarijih\u201c nema puno, sve je ostalo na mla\u0111im, a poznato je koliko one danas vole radit. Sli\u010dna je situacija i u Banjoj Luci i u Ljubu\u0161kom, mla\u0111e igra\u010dice ba\u0161 i ne vole raditi, nisu zaljubljenici kao \u0161to smo nekad mi bili. Mislim da liga nikad nije bila lo\u0161ija, a izbor igra\u010dica slabiji, a ho\u0107e li se to popraviti vidjet \u0107emo.<\/p>\n<p><strong>Ljubu\u0161ki?<\/strong><\/p>\n<p>&#8211; Ima potencijala, to je vidljivo, samo treba tu puno truda, rada i vremena. Me\u0111utim, danas svi nestrpljivi, nitko ne \u017eeli \u010dekati ho\u0107e sve preko no\u0107i, a tako ne treba raditi. Klub ne\u0107e ispasti, bit \u0107e vjerojatno u sredini. Oti\u0161la je Andrea, bit \u0107e slabiji nego pro\u0161le godine, ali imaju dosta bodova za sredinu ljestvice.<\/p>\n<p>\u00a0<\/p>\n<p><strong>Mo\u017ee li netko pomrsiti ra\u010dune Borcu, Zrinjski?<\/strong><\/p>\n<p style=\"text-align: justify;\">&#8211; Ja mislim da \u0107e do utakmice s Prijedorom u 7. kolu situacija biti puno \u010distija, mislim da ta utakmica ne\u0107e odlu\u010divat o prvaku. Mi prije toga imamo dva te\u0161ka gostovanja, Katarina i Ilid\u017ea 3. i 4.kolo, i ako to pro\u0111emo mislim da \u0107e Mira pasti, prvo kod oja\u010danog Zrinjskog koji po imenima ima najja\u010du ekipu samo je pitanje koliko su spremne i uigrane.<\/p>\n<p><strong>Maja protiv Andree<\/strong><\/p>\n<p>&#8211; Susrest \u0107emo se tri puta, prvo u kupu dva puta i u posljednjem kolu u Banjoj Luci. Tko bude bolji neka pobjedi, \u0161ezdeset minuta na rukometu mi \u201enije rodica\u201c, a kad utakmica zavr\u0161i, naravno da jeste.<br \/><img decoding=\"async\" style=\"margin-top: 6px; margin-bottom: 6px; float: left;\" src=\"http:\/\/www.radioljubuski.ba\/images\/stories\/mp_4.jpg\" width=\"525\" \/><\/p>\n<div style=\"text-align: center;\"><span style=\"font-size: 8pt;\">Andrea i Maja<br \/><\/span><\/div>\n<p style=\"text-align: justify;\"><strong>Mu\u0161ki rukomet, Izvi\u0111a\u010d?<\/strong><\/p>\n<p>&#8211; Ugodno sam se iznenadila kako su dobro odigrali protiv Prijedora, a gotovo sve su sami Ljubu\u0161aci, samo ih je par sa strane. Sve su to mladi momci, doslovno \u0161kolarci ,a ve\u0107 u prvoj mom\u010dadi. Mislim da oni imaju budu\u0107nost s ovim igra\u010dima i s par poja\u010danja uvijek \u0107e biti u vrhu i kvalitetno igrati u Regionalnoj ligi.<\/p>\n<p><strong>Danas-sutra, gdje \u0107e Maja?<\/strong><\/p>\n<p>&#8211; Ugovor mi traje do kraja sezone, postoji mogu\u0107nost produ\u017eenja, upisala sam magisterij, idem na predavanja, u\u010dim\u2026Ako iskrsne neka bolja prilika\u2026<\/p>\n<p><strong>Ljubu\u0161ki?<\/strong><\/p>\n<p>&#8211; Ku\u0107a je uvijek \u201ezadnja opcija\u201c i sigurna je. Jo\u0161 nisam sigurna \u0161to \u0107u i kako \u0107u, na kraju sezone \u0107u ponovno sjesti s ljudima iz kluba i ako se dogovorimo, ostat \u0107u u Banjoj Luci.<\/p>\n<p style=\"text-align: justify;\">\u00a0<\/p>\n<p style=\"text-align: right;\"><span style=\"font-size: 8pt;\"><strong>radioljubuski.ba<\/strong><\/span><\/p>\n","protected":false},"excerpt":{"rendered":"<div class=\"mh-excerpt\"><p style=\"text-align: justify;\" \/><img loading=\"lazy\" decoding=\"async\" class=\" alignleft size-full wp-image-8827\" style=\"margin-top: 3px; margin-right: 6px; float: left;\" alt=\"maja_prusina\" src=\"https:\/\/ljportal.com\/arhiva\/wp-content\/uploads\/2011\/02\/novo_jesen_maja_prusina.gif\" width=\"150\" height=\"113\" srcset=\"https:\/\/ljportal.com\/arhiva\/wp-content\/uploads\/2011\/02\/novo_jesen_maja_prusina.gif 150w, https:\/\/ljportal.com\/arhiva\/wp-content\/uploads\/2011\/02\/novo_jesen_maja_prusina-80x60.gif 80w\" sizes=\"auto, (max-width: 150px) 100vw, 150px\" \/>Pro\u0161ao je jo\u0161 jedan Dan op\u0107ine Ljubu\u0161ki, odr\u017eane su razne manifestacije, od koncerta u\u010denika glazbenih \u0161kola, progla\u0161enja najboljih sporta\u0161a pa sve do sve\u010dane sjednice i dodjele godi\u0161njih i inih priznanja. Neke se stvari i imena mijenjaju iz godine u godinu, ali jedna je konstantna \u2013 Maja Prusina. <\/p>\n<\/div>","protected":false},"author":1,"featured_media":8826,"comment_status":"open","ping_status":"open","sticky":false,"template":"","format":"standard","meta":{"footnotes":""},"categories":[20],"tags":[],"class_list":["post-8828","post","type-post","status-publish","format-standard","has-post-thumbnail","hentry","category-sport-sport"],"_links":{"self":[{"href":"https:\/\/ljportal.com\/arhiva\/wp-json\/wp\/v2\/posts\/8828","targetHints":{"allow":["GET"]}}],"collection":[{"href":"https:\/\/ljportal.com\/arhiva\/wp-json\/wp\/v2\/posts"}],"about":[{"href":"https:\/\/ljportal.com\/arhiva\/wp-json\/wp\/v2\/types\/post"}],"author":[{"embeddable":true,"href":"https:\/\/ljportal.com\/arhiva\/wp-json\/wp\/v2\/users\/1"}],"replies":[{"embeddable":true,"href":"https:\/\/ljportal.com\/arhiva\/wp-json\/wp\/v2\/comments?post=8828"}],"version-history":[{"count":0,"href":"https:\/\/ljportal.com\/arhiva\/wp-json\/wp\/v2\/posts\/8828\/revisions"}],"wp:featuredmedia":[{"embeddable":true,"href":"https:\/\/ljportal.com\/arhiva\/wp-json\/wp\/v2\/media\/8826"}],"wp:attachment":[{"href":"https:\/\/ljportal.com\/arhiva\/wp-json\/wp\/v2\/media?parent=8828"}],"wp:term":[{"taxonomy":"category","embeddable":true,"href":"https:\/\/ljportal.com\/arhiva\/wp-json\/wp\/v2\/categories?post=8828"},{"taxonomy":"post_tag","embeddable":true,"href":"https:\/\/ljportal.com\/arhiva\/wp-json\/wp\/v2\/tags?post=8828"}],"curies":[{"name":"wp","href":"https:\/\/api.w.org\/{rel}","templated":true}]}}