{"id":8842,"date":"2011-02-26T10:09:51","date_gmt":"2011-02-26T09:09:51","guid":{"rendered":"https:\/\/ljportal.com\/arhiva\/2011\/02\/26\/pobijediti-beznade\/"},"modified":"2011-02-26T10:09:51","modified_gmt":"2011-02-26T09:09:51","slug":"pobijediti-beznade","status":"publish","type":"post","link":"https:\/\/ljportal.com\/arhiva\/pobijediti-beznade\/","title":{"rendered":"Pobijediti bezna\u0111e"},"content":{"rendered":"<div style=\"text-align: justify;\" \/><img loading=\"lazy\" decoding=\"async\" class=\" alignleft size-full wp-image-8841\" style=\"margin-top: 3px; margin-right: 6px; float: left;\" alt=\"beznadje1\" src=\"https:\/\/ljportal.com\/arhiva\/wp-content\/uploads\/2011\/02\/novo_jesen_beznadje1.gif\" height=\"113\" width=\"150\" srcset=\"https:\/\/ljportal.com\/arhiva\/wp-content\/uploads\/2011\/02\/novo_jesen_beznadje1.gif 150w, https:\/\/ljportal.com\/arhiva\/wp-content\/uploads\/2011\/02\/novo_jesen_beznadje1-80x60.gif 80w\" sizes=\"auto, (max-width: 150px) 100vw, 150px\" \/>Kako bira\u010dko hrvatsko tijelo u BiH ne bi bilo frustrirano nakon svih nepravednih i protupravnih postupaka me\u0111unarodne zajednice i njihovih satelita u Sarajevu, kako se ne zapitati jesmo li stvarno osu\u0111eni na asimilaciju ili nestanak, \u0161to je davno britanski veleposlanik poru\u010dio kardinalu Pulji\u0107u?    <br \/>\u0160to bi se dogodilo u tzv. demokratskim zemljama, pa i u najbli\u017eem BiH okru\u017eenju, kad bi ve\u0107inski narod &#8216;birao&#8217; predstavnike manjinama, a u BiH se dogodi nasilje nad Hrvatima, i u RS gdje im je nametnut dopredsjednik RS-a, i u Federaciji iz koje nam se u dva navrata name\u0107e \u010dlan Predsjedni\u0161tva BiH s manje od 1 % glasova Hrvata, a sad se evo poku\u0161ava nametnuti i izvr\u0161na vlast, uz pomo\u0107 na\u0161ih politi\u010dkih &#8216;janji\u010dara&#8217;? Umjesto diplomatske i medijske osude bar iz Hrvatske, HTV u najgledanijom terminu, nedjeljom u dva, glavnim protagonistima takvog politi\u010dkog nasilja, Lagumd\u017eiji, Kom\u0161i\u0107u i J. Lijanovi\u0107u, daje prostor za dodatno zbunjivanje svekolike hrvatske javnosti!? Da ne spominjem stotine istinskih hrvatskih domoljuba nasilno uklonjenih iz politi\u010dkog \u017eivota zbog poku\u0161aja \u010duvanja hrvatskog identiteta, primjerice hrvatskih simbola i oznaka na policijskim odorama, za \u0161to je sukladno Daytonskom sporazumu, \u017eupanija imala isklju\u010dive ovlasti. Mnogi u Hrvatskoj i Europi se vi\u0161e i ne sje\u0107aju \u201eslu\u010daja Hercegova\u010dke banke\u201c. Pri\u010de o desecima pronevjerenih milijuna maraka su se pokazale i dokazale kao pokvareno kukavi\u010dje jaje tada\u0161nje bo\u0161nja\u010dke obavje\u0161tajne slu\u017ebe, uba\u010deno u hrvatsko politi\u010dko gnijezdo s jedinim ciljem \u2013 ocrniti i u vlastitom narodu ogaditi cijeli vrh tada\u0161nje politi\u010dke elite Hrvata , zajedno s nekim hercegova\u010dkim sve\u0107enicima. Nakon svega, nedavnu presudu od jedne i pol godine za otmicu biv\u0161eg \u010dlana Predsjedni\u0161tva BiH vi\u0161e nitko niti primijeti niti komentira kao jo\u0161 jedan pravosudni apsurd. To je kao normalno!?<\/p>\n<p>Jedna druga, tako\u0111er vi\u0161enacionalna zajednica, Belgija si mo\u017ee dopustiti luksuz ne-formiranja Vlade dva-tri i vi\u0161e mjeseci, ali kad se to dogodi u jednom ionako osiroma\u0161enom entitetu s deset \u017eupanijskih i jednom sredi\u0161njom Vladom, kad zbog toga ni nakon vi\u0161e od stotinu dana nema ni zakonodavne ni izvr\u0161ne vlasti na razini dr\u017eave, ne reagira EU, nego ameri\u010dki diplomatski sateliti iz Turske i Njema\u010dke snime stanje na terenu i onda ponavljaju stalno iste floskule o potrebi ja\u010danja \u201edr\u017eavne valsti\u201c i opasnostima od mogu\u0107e daljnje podjele BiH. I tko je kriv? Opet Hrvati! Kao zadnji autoritet za par dana bi u Sarajevo trebao do\u0107i zamjenik dr\u017eavne tajnice USA, a mo\u017eda i EU imenuje osobu od povjerenja, koja bi zajedno s jo\u0161 uvijek aktualnim Visokim predstavnikom, nastavila iskazivati zabrinutost i pozivati na razboritost koga &#8211; Hrvate!? U i\u0161\u010dekivanju zadnjih rije\u010di obrane generala Praljka i ostalih, \u010dak (!) su se i neki hrvatski mediji po\u010deli zgra\u017eati na najavljene drakonske kazne haa\u0161kog Tu\u017eiteljstva. Sramotni proces hrvatskom branitelju Purdi iz Vukovara, kojeg u Zenici saslu\u0161avaju tu\u017eitelj iz Srbije i tu\u017eitelj Srbin iz BiH, zajedno s tu\u017eiteljem iz RH, zato \u0161to je bio zato\u010denik srpskih logora (!?), jo\u0161 nije kap koja bi prelila \u010da\u0161u hrvatskog (s)trpljenja!? Da se jo\u0161 uvijek prikazuje, Calimero bi, zbog i radi Hrvata u BiH &#8211; mogao zauvijek za\u0161utjeti o svojoj \u201epravoj pravcatoj nepravdi\u201c!<\/p>\n<p><strong>\u201eSTOP MAJORIZACIJI NAD HRVATIMA U BiH\u201c<\/strong><\/p>\n<p>Silom prilika, dva najglasnija zagovornika potrebe institucionalnog izjedna\u010davanja Hrvata s ostala dva naroda u BiH, su kardinal Vinko Pulji\u0107 i Srbin Milorad Dodik, \u0161to dostatno govori da Hrvati u BiH vi\u0161e nisu ni dio problema ni dio rje\u0161enja mirne Bosne. Tek poneki bo\u0161nja\u010dki intelektualac Hrvate do\u017eivljava kao mogu\u0107i faktor budu\u0107e politi\u010dke stabilnosti i, ne manje va\u017eno, ekonomske odr\u017eivosti BiH. Dok kardinal mora balansirati izme\u0111u univerzalnih, dr\u017eavnih interesa Vatikana i nerijetko radikalno suprotstavljenih pojedinaca s podru\u010dja njegove nadbiskupske jurisdikcije, srpski vo\u0111a Milorad Dodik spremno potpisuje peticiju \u201eSTOP MAJORIZACIJI NAD HRVATIMA U BiH\u201c!? Naravski da to radi zbog o\u010duvanja stabilnosti i nedodirljivosti RS-a, ali nije normalno \u0161to to toliko smeta dijelu katoli\u010dkih sve\u0107enika provincije Bosne Srebrene i ne manje bo\u0161nja\u010dkim intelektualcima iz svih politi\u010dkih opcija, kao i nekim hrvatskim intelektualcima bosanske provenijencije (\u0161togod to zna\u010dilo). Umjesto da se sami upitaju za\u0161to se me\u0111u njima ne na\u0111u oni \u010diji bi se glas zbog institucionalne i stvarne obespravljenosti Hrvata \u010duo u javnosti, oni ne prestaju ba\u0161 u svakom hrvatskom politi\u010daru tra\u017eiti i pronalaziti secesioniste, radikalne i uskogrudne nacionaliste, tu\u0111man-iste, politi\u010dke autiste i egoiste&#8230;, kriminaliziraju\u0107i tako cijeli hrvatski narod koji, eto opetovano upravo tim i takvim politi\u010darima na izborima daje apsolutno povjerenje.<\/p>\n<p>Ipak, te\u017ei i ve\u0107i problem od svega navedenog jest sa svim ovim uzro\u010dno-posljedi\u010dno povezano bezna\u0111e, apatija i nepovjerenje svih u svakoga. Ne vjerujemo vi\u0161e ni onima \u010dije smo ime ju\u010der na izborima zaokru\u017eili ni njihovim kriti\u010darima. Ne vjerujemo me\u0111unarodnim prevarantima ni na\u0161im beski\u010dmenjacima. Ni sve\u0107enici, ako se jo\u0161 koji od njih uop\u0107e usudi komentirati aktualnu i akutnu nemo\u0107 hrvatskih politi\u010dara u Sarajevu i u Zagrebu, nam vi\u0161e nisu neupitni autoriteti. Sve je uzalud, ne vrijedi ni poku\u0161avati, ili u najboljem slu\u010daju treba \u010dekati bolja vremena ili \u010dudo s neba su zaklju\u010dci \u010dak i ozbiljnih analiti\u010dara na\u0161e politi\u010dke svakodnevice. A \u017eivjeti se mora! Sada i ovdje! Zato nam je ipak svima prva zada\u0107a tra\u017eiti na\u010dine kako se pokrenuti, kako pobijediti malodu\u0161je, kako probuditi onu \u010dvrstu vjeru pobjedni\u010dke generacije i na koncu bar kao katolici nau\u010diti \u201eobrazlo\u017eiti razloge svoje nade\u201c. U Hrvatskoj se ra\u0111a novi politi\u010dki pokret Hrvatski rast \u2013 Hrast, \u010diji su utemeljitelji i neki koji su prije dvadeset i koju godinu osmislili tada\u0161nji nacionalni pokret HDZ, koji se pretvorio u stranku u kojoj odavno nema mjesta \u201etvrdolinija\u0161kim politi\u010dkim Hercegovcima\u201c, ni bilo komu tko se usudi javno upozoriti na nepostojanje bilo kakve brige, da ne spominjem nacionalnu strategiju, o Hrvatima u BiH. Me\u0111u utemeljiteljima Hrasta su i biv\u0161i predsjedni\u010dki kandidati: Ante Ledi\u0107, Zvonimir \u0160eparovi\u0107, Miro Tu\u0111man, Josip Jur\u010devi\u0107, dvije-tri stranke i vi\u0161e desetaka uglavnom katoli\u010dkih Udruga i braniteljskih zadruga. Mo\u017ee li Hrast ili sli\u010dna inicijativa biti po\u010detak promi\u0161ljanja i djelovanja u pravcu tra\u017eenja vlastitih jakih hrvatskih korijena u BiH?<\/div>\n<p> <\/p>\n<div style=\"text-align: right;\"><span style=\"font-size: 8pt;\"><strong> Ivan Ba\u0107ak | dnevno.hr<\/strong><\/span><\/div>\n","protected":false},"excerpt":{"rendered":"<div class=\"mh-excerpt\"><div style=\"text-align: justify;\" \/><img loading=\"lazy\" decoding=\"async\" class=\" alignleft size-full wp-image-8841\" style=\"margin-top: 3px; margin-right: 6px; float: left;\" alt=\"beznadje1\" src=\"https:\/\/ljportal.com\/arhiva\/wp-content\/uploads\/2011\/02\/novo_jesen_beznadje1.gif\" height=\"113\" width=\"150\" srcset=\"https:\/\/ljportal.com\/arhiva\/wp-content\/uploads\/2011\/02\/novo_jesen_beznadje1.gif 150w, https:\/\/ljportal.com\/arhiva\/wp-content\/uploads\/2011\/02\/novo_jesen_beznadje1-80x60.gif 80w\" sizes=\"auto, (max-width: 150px) 100vw, 150px\" \/>Kako bira\u010dko hrvatsko tijelo u BiH ne bi bilo frustrirano nakon svih nepravednih i protupravnih postupaka me\u0111unarodne zajednice i njihovih satelita u Sarajevu, kako se ne zapitati jesmo li stvarno osu\u0111eni na asimilaciju ili nestanak, \u0161to je davno britanski veleposlanik poru\u010dio kardinalu Pulji\u0107u?  <\/p>\n<\/div>","protected":false},"author":1,"featured_media":8841,"comment_status":"open","ping_status":"open","sticky":false,"template":"","format":"standard","meta":{"footnotes":""},"categories":[25],"tags":[],"class_list":["post-8842","post","type-post","status-publish","format-standard","has-post-thumbnail","hentry","category-kolumne-kolumne"],"_links":{"self":[{"href":"https:\/\/ljportal.com\/arhiva\/wp-json\/wp\/v2\/posts\/8842","targetHints":{"allow":["GET"]}}],"collection":[{"href":"https:\/\/ljportal.com\/arhiva\/wp-json\/wp\/v2\/posts"}],"about":[{"href":"https:\/\/ljportal.com\/arhiva\/wp-json\/wp\/v2\/types\/post"}],"author":[{"embeddable":true,"href":"https:\/\/ljportal.com\/arhiva\/wp-json\/wp\/v2\/users\/1"}],"replies":[{"embeddable":true,"href":"https:\/\/ljportal.com\/arhiva\/wp-json\/wp\/v2\/comments?post=8842"}],"version-history":[{"count":0,"href":"https:\/\/ljportal.com\/arhiva\/wp-json\/wp\/v2\/posts\/8842\/revisions"}],"wp:featuredmedia":[{"embeddable":true,"href":"https:\/\/ljportal.com\/arhiva\/wp-json\/wp\/v2\/media\/8841"}],"wp:attachment":[{"href":"https:\/\/ljportal.com\/arhiva\/wp-json\/wp\/v2\/media?parent=8842"}],"wp:term":[{"taxonomy":"category","embeddable":true,"href":"https:\/\/ljportal.com\/arhiva\/wp-json\/wp\/v2\/categories?post=8842"},{"taxonomy":"post_tag","embeddable":true,"href":"https:\/\/ljportal.com\/arhiva\/wp-json\/wp\/v2\/tags?post=8842"}],"curies":[{"name":"wp","href":"https:\/\/api.w.org\/{rel}","templated":true}]}}